{"id":25810,"date":"2020-12-09T02:00:53","date_gmt":"2020-12-09T07:00:53","guid":{"rendered":"http:\/\/awf.world\/?post_type=awf-news&#038;p=25810"},"modified":"2021-01-05T07:55:56","modified_gmt":"2021-01-05T12:55:56","slug":"mensaje-de-fin-de-ano-de-la-region-de-europa-y-medio-oriente-2020","status":"publish","type":"awf-news","link":"https:\/\/awf.world\/es\/awf-news\/mensaje-de-fin-de-ano-de-la-region-de-europa-y-medio-oriente-2020\/","title":{"rendered":"Mensaje de Fin de A\u00f1o de la Regi\u00f3n de Europa y Medio Oriente 2020"},"content":{"rendered":"<p>Querida familia de EMERALD y AWF,<\/p>\n<p>\u00a1Saludos!<\/p>\n<p>A medida que nos acercamos al final del a\u00f1o y nos preparamos para celebrar la temporada navide\u00f1a y el a\u00f1o nuevo 2021, les deseo a cada uno de ustedes una feliz Navidad y un pr\u00f3spero a\u00f1o nuevo. Oro para que la presencia y las bendiciones del Se\u00f1or llenen sus vidas. Que el Se\u00f1or los proteja a cada uno de ustedes y los use durante este momento dif\u00edcil para ser una bendici\u00f3n para quienes los rodean.<\/p>\n<p>Mientras nuestro mundo se esfuerza por hacer frente a la pandemia del coronavirus, me recuerdo a m\u00ed mismo y a usted esta promesa de la Palabra de Dios que dice: \u201cDios es nuestro amparo y nuestra fortaleza, nuestra ayuda segura en momentos de angustia. Por eso, no temeremos aunque se desmorone la tierra y las monta\u00f1as se hundan en el fondo del mar.\u201d (Salmo 46:1-2 NVI). Es tan obvio que vivimos en un mundo peque\u00f1o, fr\u00e1gil y tembloroso, pero a\u00fan podemos acercarnos al Se\u00f1or, confiando solo en \u00c9l, que es una ayuda siempre presente para nosotros en tiempos dif\u00edciles.<\/p>\n<p>Este a\u00f1o desafiante nos mostr\u00f3 que somos una familia y un cuerpo de Cristo. Estoy muy orgulloso de ser parte de \u00e9l. La&nbsp;<a href=\"https:\/\/awf.world\/es\/awf-news\/la-respuesta-global-de-la-awf-al-covid-19-esta-enviando-dinero-a-proyectos-adjudicados\/\" target=\"_blank\" rel=\"noopener\">respuesta global de las fases uno y dos al COVID-19<\/a> ayud\u00f3 a la familia AWF a mostrarse amor, compasi\u00f3n y cuidado de una manera pr\u00e1ctica el uno al otro. Como un cuerpo de Cristo, si una parte sufre, todas las partes sufren con \u00e9l. Experimentamos esto por el amor abrumador y las oraciones por nuestros amados hermanos y hermanas de la iglesia ACyM en el L\u00edbano durante la gran&nbsp;<a href=\"https:\/\/awf.world\/es\/awf-news\/reconstruccion-de-la-acym-de-beirut\/\" target=\"_blank\" rel=\"noopener\">explosi\u00f3n en Beirut.<\/a><\/p>\n<p>Debido a la pandemia del COVID-19, las iglesias no pudieron reunirse en persona para pasar un buen rato. Es asombroso ver c\u00f3mo las iglesias se pudieron adaptar y usar tecnolog\u00edas en l\u00ednea para seguir cuidando a su propia gente, capacit\u00e1ndolos y difundiendo las buenas nuevas de Jes\u00fas por todas partes.<\/p>\n<p>Finalmente, estoy orando para que en el 2021 Dios sea exaltado entre las naciones al edificar su Iglesia y expandir su reino a trav\u00e9s del trabajo de todas las iglesias nacionales de la Alianza.<\/p>\n<p>Bendiciones,<\/p>\n<p>Rev. Munther Shahatit<br \/>\nCoordinador Regional Regi\u00f3n Europa y Medio Oriente<\/p>\n","protected":false},"author":24,"featured_media":25998,"template":"","meta":{"inline_featured_image":false,"ngg_post_thumbnail":0,"_EventAllDay":false,"_EventTimezone":"","_EventStartDate":"","_EventEndDate":"","_EventStartDateUTC":"","_EventEndDateUTC":"","_EventShowMap":false,"_EventShowMapLink":false,"_EventURL":"","_EventCost":"","_EventCostDescription":"","_EventCurrencySymbol":"","_EventCurrencyCode":"","_EventCurrencyPosition":"","_EventDateTimeSeparator":"","_EventTimeRangeSeparator":"","_EventOrganizerID":[],"_EventVenueID":[],"_OrganizerEmail":"","_OrganizerPhone":"","_OrganizerWebsite":"","_VenueAddress":"","_VenueCity":"","_VenueCountry":"","_VenueProvince":"","_VenueState":"","_VenueZip":"","_VenuePhone":"","_VenueURL":"","_VenueStateProvince":"","_VenueLat":"","_VenueLng":"","_VenueShowMap":false,"_VenueShowMapLink":false},"categories":[100,34],"tags":[202,689],"class_list":["post-25810","awf-news","type-awf-news","status-publish","has-post-thumbnail","hentry","category-emerald-es","category-news-es","tag-emerald-es","tag-europa-y-medio-oriente"],"_links":{"self":[{"href":"https:\/\/awf.world\/es\/wp-json\/wp\/v2\/awf-news\/25810","targetHints":{"allow":["GET"]}}],"collection":[{"href":"https:\/\/awf.world\/es\/wp-json\/wp\/v2\/awf-news"}],"about":[{"href":"https:\/\/awf.world\/es\/wp-json\/wp\/v2\/types\/awf-news"}],"author":[{"embeddable":true,"href":"https:\/\/awf.world\/es\/wp-json\/wp\/v2\/users\/24"}],"wp:featuredmedia":[{"embeddable":true,"href":"https:\/\/awf.world\/es\/wp-json\/wp\/v2\/media\/25998"}],"wp:attachment":[{"href":"https:\/\/awf.world\/es\/wp-json\/wp\/v2\/media?parent=25810"}],"wp:term":[{"taxonomy":"category","embeddable":true,"href":"https:\/\/awf.world\/es\/wp-json\/wp\/v2\/categories?post=25810"},{"taxonomy":"post_tag","embeddable":true,"href":"https:\/\/awf.world\/es\/wp-json\/wp\/v2\/tags?post=25810"}],"curies":[{"name":"wp","href":"https:\/\/api.w.org\/{rel}","templated":true}]}}