{"id":25594,"date":"2020-10-13T06:00:27","date_gmt":"2020-10-13T11:00:27","guid":{"rendered":"http:\/\/awf.world\/?post_type=awf-news&#038;p=25594"},"modified":"2020-10-20T12:23:48","modified_gmt":"2020-10-20T17:23:48","slug":"amada-el-ministerio-de-mujeres-de-la-confraternidad-latinoamericana-aliancista-estara-en-la-tercera-jornada-de-la-actualizacion-ministerial","status":"publish","type":"awf-news","link":"https:\/\/awf.world\/es\/awf-news\/amada-el-ministerio-de-mujeres-de-la-confraternidad-latinoamericana-aliancista-estara-en-la-tercera-jornada-de-la-actualizacion-ministerial\/","title":{"rendered":"AMADA, el Ministerio de Mujeres de la Confraternidad Latinoamericana Aliancista, estar\u00e1 en la Tercera Jornada de la Actualizaci\u00f3n Ministerial en Octubre 2020"},"content":{"rendered":"<h3 style=\"text-align: justify;\">Las mujeres de la Alianza Cristiana y Misionera en Am\u00e9rica Latina realizar\u00e1n conferencias en octubre 2020 dedicadas al ministerio, la vida y el desarrollo de la mujer cristiana. Hombres y mujeres est\u00e1n invitados a participar de la tercera parte de la Actualizaci\u00f3n Ministerial organizada por CLA, AWF y FATELA.<\/h3>\n<p>El ministerio latinoamericano de mujeres aliancistas (\u00a0<a href=\"https:\/\/awf.world\/es\/awf-news\/congreso-de-mujeres-amada-4-en-ecuador\/\" target=\"_blank\" rel=\"noopener\">AMADA<\/a> ) re\u00fane cada a\u00f1o cientos de mujeres del continente, que son esposas de pastores, l\u00edderes de ministerios, influenciadoras, profesionales, madres, en general todas ellas cristianas que comparten experiencias y consejo para el desarrollo de la mujer y el ministerio.<\/p>\n<p><img loading=\"lazy\" decoding=\"async\" class=\"alignright size-medium wp-image-25595\" src=\"http:\/\/awf.world\/wp-content\/uploads\/2020\/10\/Actualizaci\u00f3n-Ministerial_Octubre-2020-300x300.jpg\" alt=\"\" width=\"300\" height=\"300\" srcset=\"https:\/\/awf.world\/wp-content\/uploads\/2020\/10\/Actualizaci\u00f3n-Ministerial_Octubre-2020-300x300.jpg 300w, https:\/\/awf.world\/wp-content\/uploads\/2020\/10\/Actualizaci\u00f3n-Ministerial_Octubre-2020-150x150.jpg 150w, https:\/\/awf.world\/wp-content\/uploads\/2020\/10\/Actualizaci\u00f3n-Ministerial_Octubre-2020-768x770.jpg 768w, https:\/\/awf.world\/wp-content\/uploads\/2020\/10\/Actualizaci\u00f3n-Ministerial_Octubre-2020.jpg 958w\" sizes=\"auto, (max-width: 300px) 100vw, 300px\" \/>A partir del 19 de octubre de 2020, este ministerio de AMADA realizar\u00e1 tres Webinars con invitadas de lujo para abordar los siguientes temas:<\/p>\n<ul>\n<li>La Labor Espiritual y Emocional de la Mujer: lunes 19 de octubre.<\/li>\n<li>El Rol de la Mujer en el \u00c1rea Econ\u00f3mica y a trav\u00e9s de sus Emprendimientos: jueves 22 de octubre.<\/li>\n<li>El Rol de la Mujer en su Aporte a la Sociedad: lunes 26 de octubre.<\/li>\n<\/ul>\n<p>Para conocer m\u00e1s informaci\u00f3n e inscribirse a la Actualizaci\u00f3n Ministerial, <a href=\"https:\/\/fatela.org\/actualizacion-ministerial-2020\/\" target=\"_blank\" rel=\"noopener\">haga click aqu\u00ed<\/a>.<\/p>\n<p>Quienes perdieron un Webinar o desean recordar uno de los temas, todos los videos de la Actualizaci\u00f3n Ministerial est\u00e1n disponibles en el canal de <a href=\"https:\/\/www.youtube.com\/playlist?list=PLFalPEZcHhkvcYLbtRrLgWDaIkvb_M7GQ\" target=\"_blank\" rel=\"noopener\">YouTube de la AWF<\/a>.<\/p>\n","protected":false},"author":24,"featured_media":25593,"template":"","meta":{"inline_featured_image":false,"ngg_post_thumbnail":0,"_EventAllDay":false,"_EventTimezone":"","_EventStartDate":"","_EventEndDate":"","_EventStartDateUTC":"","_EventEndDateUTC":"","_EventShowMap":false,"_EventShowMapLink":false,"_EventURL":"","_EventCost":"","_EventCostDescription":"","_EventCurrencySymbol":"","_EventCurrencyCode":"","_EventCurrencyPosition":"","_EventDateTimeSeparator":"","_EventTimeRangeSeparator":"","_EventOrganizerID":[],"_EventVenueID":[],"_OrganizerEmail":"","_OrganizerPhone":"","_OrganizerWebsite":"","_VenueAddress":"","_VenueCity":"","_VenueCountry":"","_VenueProvince":"","_VenueState":"","_VenueZip":"","_VenuePhone":"","_VenueURL":"","_VenueStateProvince":"","_VenueLat":"","_VenueLng":"","_VenueShowMap":false,"_VenueShowMapLink":false},"categories":[99,930,34],"tags":[231,209],"class_list":["post-25594","awf-news","type-awf-news","status-publish","has-post-thumbnail","hentry","category-latin-america-es","category-ministerio-de-mujeres","category-news-es","tag-cla-es","tag-america-latina"],"_links":{"self":[{"href":"https:\/\/awf.world\/es\/wp-json\/wp\/v2\/awf-news\/25594","targetHints":{"allow":["GET"]}}],"collection":[{"href":"https:\/\/awf.world\/es\/wp-json\/wp\/v2\/awf-news"}],"about":[{"href":"https:\/\/awf.world\/es\/wp-json\/wp\/v2\/types\/awf-news"}],"author":[{"embeddable":true,"href":"https:\/\/awf.world\/es\/wp-json\/wp\/v2\/users\/24"}],"wp:featuredmedia":[{"embeddable":true,"href":"https:\/\/awf.world\/es\/wp-json\/wp\/v2\/media\/25593"}],"wp:attachment":[{"href":"https:\/\/awf.world\/es\/wp-json\/wp\/v2\/media?parent=25594"}],"wp:term":[{"taxonomy":"category","embeddable":true,"href":"https:\/\/awf.world\/es\/wp-json\/wp\/v2\/categories?post=25594"},{"taxonomy":"post_tag","embeddable":true,"href":"https:\/\/awf.world\/es\/wp-json\/wp\/v2\/tags?post=25594"}],"curies":[{"name":"wp","href":"https:\/\/api.w.org\/{rel}","templated":true}]}}