{"id":25588,"date":"2020-10-16T13:58:55","date_gmt":"2020-10-16T18:58:55","guid":{"rendered":"http:\/\/awf.world\/awf-news\/conoce-a-liusbel-utrera-morgado-el-nuevo-presidente-de-la-iglesia-acym-de-cuba\/"},"modified":"2020-10-16T13:58:55","modified_gmt":"2020-10-16T18:58:55","slug":"conoce-a-liusbel-utrera-morgado-el-nuevo-presidente-de-la-iglesia-acym-de-cuba","status":"publish","type":"awf-news","link":"https:\/\/awf.world\/es\/awf-news\/conoce-a-liusbel-utrera-morgado-el-nuevo-presidente-de-la-iglesia-acym-de-cuba\/","title":{"rendered":"Conoce a Liusbel Utrera Morgado, el Nuevo Presidente de la Iglesia ACyM de Cuba"},"content":{"rendered":"<h3 style=\"text-align: justify;\">El Reverendo Liusbel Utrera Morgado abri\u00f3 su coraz\u00f3n a Jes\u00fas hace 15 a\u00f1os. Su ministerio siempre ha sido pastoral y ha trabajado en roles de liderazgo desde la iglesia local hasta la oficina nacional. Como nuevo presidente de la Iglesia ACyM de Cuba, el Se\u00f1or le ha dado una visi\u00f3n para una iglesia saludable y en crecimiento que apunta a cumplir con la Gran Comisi\u00f3n.<\/h3>\n<p>Nacido en 1985, el Rev. Liusbel Utrera Morgado creci\u00f3 en Arroyo Blanco, Cuba. Sus padres son Humberto y Blanca Rosa, y tiene dos hermanos y dos hermanas. Se cas\u00f3 con Saddy G\u00f3mez Quincoses el 18 de marzo de 2005 y juntos tienen tres hijas: Betsab\u00e9, 12; Elisabet, 8; y Abigail, 1.<\/p>\n<p>El pastor Liusbel proviene de un trasfondo de idolatr\u00eda y brujer\u00eda, pero vino al Se\u00f1or en 2005 a trav\u00e9s del trabajo de la ACyM de Cuba. Estaba pasando por un momento muy dif\u00edcil: debido a una enfermedad, hab\u00eda buscado sanidad a trav\u00e9s de la brujer\u00eda, sin resultados. Dios lo san\u00f3 milagrosamente a trav\u00e9s de sus suegros, quienes eran pastores en ese momento. Despu\u00e9s de eso, entreg\u00f3 su vida a Jes\u00fas. Ahora tiene una licenciatura en ense\u00f1anza primaria y otra en estudios teol\u00f3gicos.<\/p>\n<p>El pastor Liusbel comenz\u00f3 su ministerio en el mismo pueblo donde su esposa y \u00e9l vivieron y crecieron. Fue all\u00ed donde recibieron el llamado de Dios y comenzaron a plantar una iglesia. Salieron de la iglesia con 60 miembros bautizados y hasta 100 personas asistiendo a los servicios. Su ministerio ha variado desde pastor local hasta todos los niveles de liderazgo llegando a la oficina nacional como vicepresidente. Fue elegido presidente nacional en noviembre de 2019 y su mandato se extender\u00e1 hasta junio de 2022.<\/p>\n<p>Dios le ha dado al pastor Liusbel una visi\u00f3n para un movimiento eclesi\u00e1stico saludable y multiplicador en Cuba. \u201cQueremos que cada pastor crezca saludablemente para pastorear y liderar una iglesia que sea saludable desde su membres\u00eda, capacitaci\u00f3n de liderazgo, financieramente, para as\u00ed multiplicarse en otras iglesias basadas en la Gran Comisi\u00f3n\u201d, nos dice.<\/p>\n<p>El pastor Liusbel nos pide que oremos por su familia. Ha sido dif\u00edcil, especialmente para su esposa, verlo involucrado en tantos asuntos complejos en medio de la pandemia de COVID-19. Tambi\u00e9n nos pide que oremos para que Dios contin\u00fae afirmando el ministerio al que lo ha llamado. Tambi\u00e9n nos pide que oremos para que cada iglesia refleje a Cristo y que Dios fortalezca, provea y traiga unidad para cada pastor y ministerio.<\/p>\n","protected":false},"author":24,"featured_media":25587,"template":"","meta":{"inline_featured_image":false,"ngg_post_thumbnail":0,"_EventAllDay":false,"_EventTimezone":"","_EventStartDate":"","_EventEndDate":"","_EventStartDateUTC":"","_EventEndDateUTC":"","_EventShowMap":false,"_EventShowMapLink":false,"_EventURL":"","_EventCost":"","_EventCostDescription":"","_EventCurrencySymbol":"","_EventCurrencyCode":"","_EventCurrencyPosition":"","_EventDateTimeSeparator":"","_EventTimeRangeSeparator":"","_EventOrganizerID":[],"_EventVenueID":[],"_OrganizerEmail":"","_OrganizerPhone":"","_OrganizerWebsite":"","_VenueAddress":"","_VenueCity":"","_VenueCountry":"","_VenueProvince":"","_VenueState":"","_VenueZip":"","_VenuePhone":"","_VenueURL":"","_VenueStateProvince":"","_VenueLat":"","_VenueLng":"","_VenueShowMap":false,"_VenueShowMapLink":false},"categories":[99,34],"tags":[231,254,209],"class_list":["post-25588","awf-news","type-awf-news","status-publish","has-post-thumbnail","hentry","category-latin-america-es","category-news-es","tag-cla-es","tag-cuba-es","tag-america-latina"],"_links":{"self":[{"href":"https:\/\/awf.world\/es\/wp-json\/wp\/v2\/awf-news\/25588","targetHints":{"allow":["GET"]}}],"collection":[{"href":"https:\/\/awf.world\/es\/wp-json\/wp\/v2\/awf-news"}],"about":[{"href":"https:\/\/awf.world\/es\/wp-json\/wp\/v2\/types\/awf-news"}],"author":[{"embeddable":true,"href":"https:\/\/awf.world\/es\/wp-json\/wp\/v2\/users\/24"}],"wp:featuredmedia":[{"embeddable":true,"href":"https:\/\/awf.world\/es\/wp-json\/wp\/v2\/media\/25587"}],"wp:attachment":[{"href":"https:\/\/awf.world\/es\/wp-json\/wp\/v2\/media?parent=25588"}],"wp:term":[{"taxonomy":"category","embeddable":true,"href":"https:\/\/awf.world\/es\/wp-json\/wp\/v2\/categories?post=25588"},{"taxonomy":"post_tag","embeddable":true,"href":"https:\/\/awf.world\/es\/wp-json\/wp\/v2\/tags?post=25588"}],"curies":[{"name":"wp","href":"https:\/\/api.w.org\/{rel}","templated":true}]}}