{"id":25324,"date":"2020-08-23T12:49:16","date_gmt":"2020-08-23T17:49:16","guid":{"rendered":"http:\/\/awf.world\/awf-news\/somos-alianza-comparte-e-interactua-con-las-iglesias-de-la-alianza-en-todo-el-mundo\/"},"modified":"2020-08-25T13:50:41","modified_gmt":"2020-08-25T18:50:41","slug":"somos-alianza-comparte-e-interactua-con-las-iglesias-de-la-alianza-en-todo-el-mundo","status":"publish","type":"awf-news","link":"https:\/\/awf.world\/es\/awf-news\/somos-alianza-comparte-e-interactua-con-las-iglesias-de-la-alianza-en-todo-el-mundo\/","title":{"rendered":"Somos Alianza &#8211; \u00a1Comparte e Interact\u00faa con las Iglesias de la Alianza en Todo el Mundo!"},"content":{"rendered":"<h3 style=\"text-align: justify;\">Desde 2018, la Confraternidad Mundial de la Alianza ha estado publicando videos cortos en su sitio web y redes sociales para fortalecer la idea de que cada uno de nosotros no es solo un miembro de la iglesia de la Alianza local, sino que somos parte de una Familia Global. Fortaleciendo esta conexi\u00f3n, nos gustar\u00eda invitarte a formar parte de esta campa\u00f1a.<\/h3>\n<p>En 2018, la Confraternidad Mundial de la Alianza (AWF) lanz\u00f3 la campa\u00f1a Somos Alianza, una serie de videos cortos para promover que los miembros de la iglesia se identifiquen con la AWF y reforzar el concepto de que somos una Familia Global que conecta a las personas.<\/p>\n<p>Haga&nbsp;<a href=\"https:\/\/www.youtube.com\/playlist?list=PLFalPEZcHhkvcYLbtRrLgWDaIkvb_M7GQ\" target=\"_blank\" rel=\"noopener\">clic aqu\u00ed<\/a> para ver&nbsp;los videos de Somos Alianza en nuestro canal de YouTube:<\/p>\n<p>Los primeros videos fueron grabados por los Presidentes Nacionales de la Alianza. Ahora, nos gustar\u00eda invitarte a ti, miembro de la Iglesia de la Alianza, a hacer un video de 60 segundos de Somos Alianza que se publicar\u00e1 en el sitio web y las redes sociales de AWF.<\/p>\n<p>\u00bfCu\u00e1l es el prop\u00f3sito?<\/p>\n<ul>\n<li>Compartir, interactuar e involucrar a los miembros de las Iglesias Locales de la Alianza en todo el mundo.<\/li>\n<li>Llegar a la comunidad cristiana.<\/li>\n<li>Traer nuevas personas a Cristo.<\/li>\n<\/ul>\n<p>Aqu\u00ed hay algunas sugerencias para el contenido de tu video: habla un poco sobre ti, tu iglesia, ciudad o pa\u00eds. Comparte c\u00f3mo tu vida est\u00e1 conectada a la familia de la Alianza. \u00bfAsistes a los servicios regulares o a la Escuela B\u00edblica Dominical? \u00bfParticipas en alg\u00fan grupo de j\u00f3venes, hombres o mujeres? \u00bfParticipas en otros ministerios en tu iglesia? Puedes grabar algunas escenas de tu iglesia, momentos de adoraci\u00f3n, etc. Tambi\u00e9n puedes grabar algunas escenas de tu ciudad y hablar sobre c\u00f3mo la iglesia se integra con la comunidad que la rodea.<\/p>\n<p>No hace falta una gran producci\u00f3n. Puedes usar un smartphone o una c\u00e1mara de video. Puedes grabar en modo <em>selfie<\/em> u otra persona puede sostener el dispositivo por ti. Recuerda grabar en posici\u00f3n horizontal. Para videos al aire libre, elije la luz del d\u00eda y para videos en interiores elije \u00e1reas iluminadas.<\/p>\n<p>Puedes grabar en tu idioma preferido (si no es ingl\u00e9s, espa\u00f1ol o franc\u00e9s, proporci\u00f3nanos una traducci\u00f3n al ingl\u00e9s de lo que dijiste) y env\u00edanos una copia de tu guion para que agreguemos los subt\u00edtulos en ingl\u00e9s, franc\u00e9s y espa\u00f1ol. Termina tu video diciendo \u201cSomos Alianza.\u201d<\/p>\n<p>Si deseas insertar fotos u otro video en tu grabaci\u00f3n y no sabes c\u00f3mo hacerlo, no te preocupes. Podemos hacerlo por ti.<\/p>\n<p>Esperamos que esta invitaci\u00f3n te emocione tanto como a nosotros. Apoya y comprom\u00e9tete con esta idea, \u201cSomos Alianza.\u201d \u00a1Esperamos recibir tu video!<\/p>\n","protected":false},"author":24,"featured_media":25326,"template":"","meta":{"inline_featured_image":false,"ngg_post_thumbnail":0,"_EventAllDay":false,"_EventTimezone":"","_EventStartDate":"","_EventEndDate":"","_EventStartDateUTC":"","_EventEndDateUTC":"","_EventShowMap":false,"_EventShowMapLink":false,"_EventURL":"","_EventCost":"","_EventCostDescription":"","_EventCurrencySymbol":"","_EventCurrencyCode":"","_EventCurrencyPosition":"","_EventDateTimeSeparator":"","_EventTimeRangeSeparator":"","_EventOrganizerID":[],"_EventVenueID":[],"_OrganizerEmail":"","_OrganizerPhone":"","_OrganizerWebsite":"","_VenueAddress":"","_VenueCity":"","_VenueCountry":"","_VenueProvince":"","_VenueState":"","_VenueZip":"","_VenuePhone":"","_VenueURL":"","_VenueStateProvince":"","_VenueLat":"","_VenueLng":"","_VenueShowMap":false,"_VenueShowMapLink":false},"categories":[34,98],"tags":[681,390,701],"class_list":["post-25324","awf-news","type-awf-news","status-publish","has-post-thumbnail","hentry","category-news-es","category-awf-office-es","tag-familia-global-de-la-alianza","tag-we-are-alliance","tag-somos-alianza"],"_links":{"self":[{"href":"https:\/\/awf.world\/es\/wp-json\/wp\/v2\/awf-news\/25324","targetHints":{"allow":["GET"]}}],"collection":[{"href":"https:\/\/awf.world\/es\/wp-json\/wp\/v2\/awf-news"}],"about":[{"href":"https:\/\/awf.world\/es\/wp-json\/wp\/v2\/types\/awf-news"}],"author":[{"embeddable":true,"href":"https:\/\/awf.world\/es\/wp-json\/wp\/v2\/users\/24"}],"wp:featuredmedia":[{"embeddable":true,"href":"https:\/\/awf.world\/es\/wp-json\/wp\/v2\/media\/25326"}],"wp:attachment":[{"href":"https:\/\/awf.world\/es\/wp-json\/wp\/v2\/media?parent=25324"}],"wp:term":[{"taxonomy":"category","embeddable":true,"href":"https:\/\/awf.world\/es\/wp-json\/wp\/v2\/categories?post=25324"},{"taxonomy":"post_tag","embeddable":true,"href":"https:\/\/awf.world\/es\/wp-json\/wp\/v2\/tags?post=25324"}],"curies":[{"name":"wp","href":"https:\/\/api.w.org\/{rel}","templated":true}]}}