{"id":25317,"date":"2020-08-24T09:00:00","date_gmt":"2020-08-24T14:00:00","guid":{"rendered":"http:\/\/awf.world\/awf-news\/preparando-a-pastores-de-america-latina-para-ministrar-en-estos-nuevos-tiempos\/"},"modified":"2020-08-24T09:00:00","modified_gmt":"2020-08-24T14:00:00","slug":"preparando-a-pastores-de-america-latina-para-ministrar-en-estos-nuevos-tiempos","status":"publish","type":"awf-news","link":"https:\/\/awf.world\/es\/awf-news\/preparando-a-pastores-de-america-latina-para-ministrar-en-estos-nuevos-tiempos\/","title":{"rendered":"Preparando a Pastores de Am\u00e9rica Latina para Ministrar en estos Nuevos Tiempos"},"content":{"rendered":"<h3 style=\"text-align: justify;\">La Confraternidad Latinoamericana Aliancista est\u00e1 realizando su actualizaci\u00f3n para presidentes, misioneros, pastores y l\u00edderes directivos del continente a trav\u00e9s de webinars. Esto es resultado de reuniones con los presidentes nacionales para la Respuesta Global de AWF al COVID-19 realizadas durante el primero semestre de 2020.<\/h3>\n<p>El prop\u00f3sito de estos seminarios virtuales es incentivar y movilizar a los presidentes nacionales y a los pastores de la regi\u00f3n para coordinar esfuerzos en sus pa\u00edses, compartir ideas de ministerio, y aprender de la experiencia mutua de la familia Alianza frente a los cambios del mundo poscovid-19.<\/p>\n<p>M\u00e1s de 45 expositores, entre presidentes de la denominaci\u00f3n, directores de ministerios fuertes, pastores de iglesias, acad\u00e9micos y misioneros, todos ellos especialistas en diferentes \u00e1reas de trabajo de la iglesia, abordaran temas de la pastoral, la iglesia y las misiones.<\/p>\n<p>Ser\u00e1n 16 sesiones entre agosto y noviembre con los siguientes temas principales:<\/p>\n<ul>\n<li>El Ministerio de la Iglesia en la Virtualidad<\/li>\n<li>Pastores y L\u00edderes Emergentes<\/li>\n<li>Mujeres A.M.A.D.A.<\/li>\n<li>Misiones: Nuestro Desaf\u00edo Constante<\/li>\n<\/ul>\n<p>Las primeras sesiones durante el mes de agosto se concentran en c\u00f3mo ha sido la transformaci\u00f3n durante el a\u00f1o 2020 para la iglesia modificar sus formas, salir obligatoriamente del templo y buscar celosamente mantener la esencia del evangelio en sus sacramentos, ministerios y formas de comunicaci\u00f3n y educaci\u00f3n. Tambi\u00e9n cu\u00e1les son las expectativas para el retorno a una nueva normalidad.<\/p>\n<p>En la primera sesi\u00f3n, m\u00e1s de 6.300 visitas fueron registradas a trav\u00e9s de Zoom y Facebook Live.<\/p>\n<p>Durante el mes de septiembre, los expositores ser\u00e1n lideres emergentes de iglesias y funciones destacadas en la regi\u00f3n. C\u00f3mo ellos perfilan el pr\u00f3ximo futuro de la iglesia y cu\u00e1les son las respuestas b\u00edblicas, ministeriales y de liderazgo personal para la construcci\u00f3n de ministerios efectivos y saludables en tiempos que son diferentes.<\/p>\n<p>Los participantes recibir\u00e1n un certificado de \u201cActualizaci\u00f3n Ministerial\u201d otorgado en conjunto por la Confraternidad Mundial de la Alianza (AWF), la Confraternidad Latinoamericana Aliancista (CLA), y la Facultad Teol\u00f3gica Latinoamericana (FATELA).<\/p>\n<p>M\u00e1s informaci\u00f3n e inscripciones en <a href=\"https:\/\/fatela.org\/actualizacion-ministerial-2020\/\" target=\"_blank\" rel=\"noopener\">https:\/\/fatela.org\/actualizacion-ministerial-2020\/<\/a><\/p>\n","protected":false},"author":24,"featured_media":25323,"template":"","meta":{"inline_featured_image":false,"ngg_post_thumbnail":0,"_EventAllDay":false,"_EventTimezone":"","_EventStartDate":"","_EventEndDate":"","_EventStartDateUTC":"","_EventEndDateUTC":"","_EventShowMap":false,"_EventShowMapLink":false,"_EventURL":"","_EventCost":"","_EventCostDescription":"","_EventCurrencySymbol":"","_EventCurrencyCode":"","_EventCurrencyPosition":"","_EventDateTimeSeparator":"","_EventTimeRangeSeparator":"","_EventOrganizerID":[],"_EventVenueID":[],"_OrganizerEmail":"","_OrganizerPhone":"","_OrganizerWebsite":"","_VenueAddress":"","_VenueCity":"","_VenueCountry":"","_VenueProvince":"","_VenueState":"","_VenueZip":"","_VenuePhone":"","_VenueURL":"","_VenueStateProvince":"","_VenueLat":"","_VenueLng":"","_VenueShowMap":false,"_VenueShowMapLink":false},"categories":[99,34],"tags":[231,209],"class_list":["post-25317","awf-news","type-awf-news","status-publish","has-post-thumbnail","hentry","category-latin-america-es","category-news-es","tag-cla-es","tag-america-latina"],"_links":{"self":[{"href":"https:\/\/awf.world\/es\/wp-json\/wp\/v2\/awf-news\/25317","targetHints":{"allow":["GET"]}}],"collection":[{"href":"https:\/\/awf.world\/es\/wp-json\/wp\/v2\/awf-news"}],"about":[{"href":"https:\/\/awf.world\/es\/wp-json\/wp\/v2\/types\/awf-news"}],"author":[{"embeddable":true,"href":"https:\/\/awf.world\/es\/wp-json\/wp\/v2\/users\/24"}],"wp:featuredmedia":[{"embeddable":true,"href":"https:\/\/awf.world\/es\/wp-json\/wp\/v2\/media\/25323"}],"wp:attachment":[{"href":"https:\/\/awf.world\/es\/wp-json\/wp\/v2\/media?parent=25317"}],"wp:term":[{"taxonomy":"category","embeddable":true,"href":"https:\/\/awf.world\/es\/wp-json\/wp\/v2\/categories?post=25317"},{"taxonomy":"post_tag","embeddable":true,"href":"https:\/\/awf.world\/es\/wp-json\/wp\/v2\/tags?post=25317"}],"curies":[{"name":"wp","href":"https:\/\/api.w.org\/{rel}","templated":true}]}}