{"id":25315,"date":"2020-08-24T13:07:52","date_gmt":"2020-08-24T18:07:52","guid":{"rendered":"http:\/\/awf.world\/awf-news\/la-lucha-contra-la-inseguridad-alimentaria-y-covid-19-ayuda-a-cumplir-con-nuestro-mandato\/"},"modified":"2020-08-25T09:07:46","modified_gmt":"2020-08-25T14:07:46","slug":"la-lucha-contra-la-inseguridad-alimentaria-y-covid-19-ayuda-a-cumplir-con-nuestro-mandato","status":"publish","type":"awf-news","link":"https:\/\/awf.world\/es\/awf-news\/la-lucha-contra-la-inseguridad-alimentaria-y-covid-19-ayuda-a-cumplir-con-nuestro-mandato\/","title":{"rendered":"La Lucha Contra la Inseguridad Alimentaria y el COVID-19 Ayuda a Cumplir con Nuestro Mandato"},"content":{"rendered":"<h3 style=\"text-align: justify;\">Abordar las necesidades de las comunidades a las que servimos es parte de nuestro mandato de proclamar a Cristo a todas las naciones. Con la Respuesta Global de AWF al COVID-19 iniciando su segunda fase (Proyectos de Desarrollo), nos dimos cuenta de que la inseguridad alimentaria se ha intensificado por esta pandemia y puede tener un impacto duradero en las comunidades vulnerables. Por favor, lea este art\u00edculo y oremos juntos con claridad de prop\u00f3sito a medida que avanzamos por cumplir con nuestro mandato de dar testimonio de nuestra fe en Cristo con palabras y hechos.<\/h3>\n<p>La primera fase de Respuesta Global de AWF al COVID-19 ayud\u00f3 a m\u00e1s de 170.000 personas en 18 pa\u00edses a trav\u00e9s de proyectos de ayuda enfocados principalmente en la distribuci\u00f3n y ayuda alimentaria. La Oficina de Socorro y Desarrollo de AWF est\u00e1 trabajando ahora con las Iglesias Nacionales de la Alianza para lanzar una segunda fase centrada en Proyectos de Desarrollo relacionados con seguridad alimentaria. La pandemia de COVID-19 ha agravado el problema de la inseguridad alimentaria y puede tener un impacto duradero en muchas comunidades vulnerables.<\/p>\n<p>La inseguridad alimentaria es definida por la Organizaci\u00f3n de las Naciones Unidas para la Agricultura y la Alimentaci\u00f3n (FAO) como la situaci\u00f3n en la que \u201clas personas no tienen acceso f\u00edsico, social y econ\u00f3mico a alimentos suficientes, saludables y nutritivos que les permitan satisfacer sus necesidades energ\u00e9ticas y alimentarias de preferencia para lograr una vida sana y activa\u201d (Fuente FAO, 2010). Eso afecta pr\u00e1cticamente a todos los continentes del mundo. Si bien las causas de la inseguridad alimentaria difieren de un continente a otro, las implicaciones y consecuencias parecen ser las mismas en todas partes. Varios pa\u00edses en los que interviene la Alianza Cristiana y Misionera (ACyM) se ven directamente afectados. El informe de julio de 2020 de la Organizaci\u00f3n Mundial de la Salud (OMS) cita a 15 pa\u00edses en los que las iglesias de la ACyM se ven afectadas por la inseguridad alimentaria: Burkina Faso, Colombia, Ecuador, El Salvador, Congo (RDC), Guatemala, Honduras, L\u00edbano, Irak, Liberia, Mali, Nicaragua, Per\u00fa, Siria y Venezuela. Adem\u00e1s de las causas habituales de inseguridad alimentaria, se han agregado las vinculadas al COVID-19.<\/p>\n<p><strong>Causas comunes de la inseguridad alimentaria<\/strong><\/p>\n<p>Hay varias razones para la inseguridad alimentaria, que incluyen:<\/p>\n<ul>\n<li>Cambio clim\u00e1tico: dependiendo de la regi\u00f3n, se manifiesta en sequ\u00edas, inundaciones, desarrollo de nuevas formas de ataque de langostas, desastres naturales, etc. Las consecuencias son dram\u00e1ticas en la producci\u00f3n agr\u00edcola.<\/li>\n<li>Factores sociales: estos incluyen la pobreza extrema, la guerra, los conflictos por la tierra, la superpoblaci\u00f3n, incendios forestales y de matorrales.<\/li>\n<li>Terrorismo (fundamentalismo isl\u00e1mico): en algunos pa\u00edses africanos como Burkina Faso, Mali, las poblaciones han abandonado miles de hect\u00e1reas de campos cultivables debido a ataques terroristas. Esto resulta en un desplazamiento masivo de poblaciones (m\u00e1s de dos millones en Burkina Faso y Mali), creando as\u00ed inseguridad alimentaria.<\/li>\n<\/ul>\n<p><strong>COVID-19 e inseguridad alimentaria<\/strong><\/p>\n<p>Seg\u00fan la Organizaci\u00f3n Mundial de la Salud, al 12 de agosto, hab\u00eda 20.162.474 casos confirmados de COVID-19 en todo el mundo, con 737.417 muertos. COVID-19 ha creado uno de los mayores desastres alimentarios del mundo. La cuarentena de las ciudades y la imposibilidad de trasladar alimentos de una ciudad a otra ha sido un factor importante de inseguridad en todo el mundo.<\/p>\n<ul>\n<li>La producci\u00f3n agr\u00edcola se ha desplomado y se ha detenido por completo en muchas \u00e1reas.<\/li>\n<li>Muchos campos agr\u00edcolas simplemente han sido abandonados.<\/li>\n<li>Los agricultores no han podido reembolsar los pr\u00e9stamos agr\u00edcolas.<\/li>\n<li>Muchos est\u00e1n enfermos y discapacitados y no pueden comprar alimentos suficientes debido a la enfermedad.<\/li>\n<li>El cierre de f\u00e1bricas y el desempleo significan que muchos no pueden pagar los alimentos.<\/li>\n<\/ul>\n<p><strong>Algunas posibles soluciones<\/strong><\/p>\n<ul>\n<li>Organizar cadenas de oraci\u00f3n en todas las iglesias para una visi\u00f3n hol\u00edstica.<\/li>\n<li>Alentar a cada iglesia a implementar un plan de desarrollo comunitario.<\/li>\n<li>Capacitar a los miembros de la iglesia sobre c\u00f3mo adaptarse al cambio clim\u00e1tico.<\/li>\n<li>Capacitar a los miembros de la iglesia en el esp\u00edritu empresarial agr\u00edcola.<\/li>\n<li>Apoyar proyectos agr\u00edcolas de iglesias en la lucha contra la inseguridad alimentaria.<\/li>\n<li>Abordar la situaci\u00f3n creada por el COVID-19 con proyectos integrados de educaci\u00f3n, salud, econom\u00eda, alimentaci\u00f3n, etc. para establecer comunidades m\u00e1s resilientes.<\/li>\n<\/ul>\n","protected":false},"author":24,"featured_media":25294,"template":"","meta":{"inline_featured_image":false,"ngg_post_thumbnail":0,"_EventAllDay":false,"_EventTimezone":"","_EventStartDate":"","_EventEndDate":"","_EventStartDateUTC":"","_EventEndDateUTC":"","_EventShowMap":false,"_EventShowMapLink":false,"_EventURL":"","_EventCost":"","_EventCostDescription":"","_EventCurrencySymbol":"","_EventCurrencyCode":"","_EventCurrencyPosition":"","_EventDateTimeSeparator":"","_EventTimeRangeSeparator":"","_EventOrganizerID":[],"_EventVenueID":[],"_OrganizerEmail":"","_OrganizerPhone":"","_OrganizerWebsite":"","_VenueAddress":"","_VenueCity":"","_VenueCountry":"","_VenueProvince":"","_VenueState":"","_VenueZip":"","_VenuePhone":"","_VenueURL":"","_VenueStateProvince":"","_VenueLat":"","_VenueLng":"","_VenueShowMap":false,"_VenueShowMapLink":false},"categories":[34],"tags":[681,275,274],"class_list":["post-25315","awf-news","type-awf-news","status-publish","has-post-thumbnail","hentry","category-news-es","tag-familia-global-de-la-alianza","tag-socorro-y-desarrollo","tag-trabajo-social"],"_links":{"self":[{"href":"https:\/\/awf.world\/es\/wp-json\/wp\/v2\/awf-news\/25315","targetHints":{"allow":["GET"]}}],"collection":[{"href":"https:\/\/awf.world\/es\/wp-json\/wp\/v2\/awf-news"}],"about":[{"href":"https:\/\/awf.world\/es\/wp-json\/wp\/v2\/types\/awf-news"}],"author":[{"embeddable":true,"href":"https:\/\/awf.world\/es\/wp-json\/wp\/v2\/users\/24"}],"wp:featuredmedia":[{"embeddable":true,"href":"https:\/\/awf.world\/es\/wp-json\/wp\/v2\/media\/25294"}],"wp:attachment":[{"href":"https:\/\/awf.world\/es\/wp-json\/wp\/v2\/media?parent=25315"}],"wp:term":[{"taxonomy":"category","embeddable":true,"href":"https:\/\/awf.world\/es\/wp-json\/wp\/v2\/categories?post=25315"},{"taxonomy":"post_tag","embeddable":true,"href":"https:\/\/awf.world\/es\/wp-json\/wp\/v2\/tags?post=25315"}],"curies":[{"name":"wp","href":"https:\/\/api.w.org\/{rel}","templated":true}]}}