{"id":25216,"date":"2020-08-05T11:57:13","date_gmt":"2020-08-05T16:57:13","guid":{"rendered":"http:\/\/awf.world\/awf-news\/el-pastor-sirio-bahij-khoury-regresa-a-nuestro-padre-celestial\/"},"modified":"2020-08-10T13:54:49","modified_gmt":"2020-08-10T18:54:49","slug":"el-pastor-sirio-bahij-khoury-regresa-a-nuestro-padre-celestial","status":"publish","type":"awf-news","link":"https:\/\/awf.world\/es\/awf-news\/el-pastor-sirio-bahij-khoury-regresa-a-nuestro-padre-celestial\/","title":{"rendered":"El Pastor Sirio Bahij Khoury Regresa a nuestro Padre Celestial"},"content":{"rendered":"<h3 style=\"text-align: justify;\">El Rev. Bahij Khoury fue llevado a la gloria despu\u00e9s de una vida llena de mucho fruto eterno. Sirvi\u00f3 fielmente al Se\u00f1or por m\u00e1s de sesenta a\u00f1os, y fue un regalo especial para la Iglesia Alianza en Siria.<\/h3>\n<p>El Rev. Khoury era un estudiante apasionado de la Palabra y un maestro asombroso. Se aferr\u00f3 fielmente a la pura verdad B\u00edblica. El compromiso no era uno de sus puntos fuertes; era un hombre blanco y negro.<\/p>\n<p>El miedo no ten\u00eda lugar en su coraz\u00f3n. \u00c9l declar\u00f3 la verdad a veces frente a las amenazas y otras veces ante el rid\u00edculo.<\/p>\n<p>Pertenec\u00eda a una generaci\u00f3n de h\u00e9roes que fueron llamados y enviados por Dios para llevar las buenas nuevas y establecer iglesias. Durante a\u00f1os gustosamente se gast\u00f3 y fue gastado por el evangelio. No escatim\u00f3 costos en servir al Se\u00f1or, a quien amaba.<\/p>\n<p>Desde 1953, ha sido parte de los primeros pioneros que iniciaron y expandieron la Iglesia Alianza en Siria. Sirvi\u00f3 en el Comit\u00e9 Ejecutivo de la Iglesia Alianza Cristiana y Misionera en Siria y L\u00edbano durante 27 a\u00f1os y como Pastor de la Iglesia en Tartous desde 1982 hasta su retiro en 2016.<\/p>\n<p>Nos despedimos de un gigante en la fe que se nos adelant\u00f3 para estar con el Se\u00f1or.<\/p>\n<p>Nuestro m\u00e1s sentido p\u00e9same a su esposa Kawther, sus hijos Samuel y Danny y sus familias.<\/p>\n<p>Rev. Edward Awabdeh, Presidente de la ACyM de Siria y L\u00edbano<\/p>\n","protected":false},"author":24,"featured_media":25215,"template":"","meta":{"inline_featured_image":false,"ngg_post_thumbnail":0,"_EventAllDay":false,"_EventTimezone":"","_EventStartDate":"","_EventEndDate":"","_EventStartDateUTC":"","_EventEndDateUTC":"","_EventShowMap":false,"_EventShowMapLink":false,"_EventURL":"","_EventCost":"","_EventCostDescription":"","_EventCurrencySymbol":"","_EventCurrencyCode":"","_EventCurrencyPosition":"","_EventDateTimeSeparator":"","_EventTimeRangeSeparator":"","_EventOrganizerID":[],"_EventVenueID":[],"_OrganizerEmail":"","_OrganizerPhone":"","_OrganizerWebsite":"","_VenueAddress":"","_VenueCity":"","_VenueCountry":"","_VenueProvince":"","_VenueState":"","_VenueZip":"","_VenuePhone":"","_VenueURL":"","_VenueStateProvince":"","_VenueLat":"","_VenueLng":"","_VenueShowMap":false,"_VenueShowMapLink":false},"categories":[100,34],"tags":[202],"class_list":["post-25216","awf-news","type-awf-news","status-publish","has-post-thumbnail","hentry","category-emerald-es","category-news-es","tag-emerald-es"],"_links":{"self":[{"href":"https:\/\/awf.world\/es\/wp-json\/wp\/v2\/awf-news\/25216","targetHints":{"allow":["GET"]}}],"collection":[{"href":"https:\/\/awf.world\/es\/wp-json\/wp\/v2\/awf-news"}],"about":[{"href":"https:\/\/awf.world\/es\/wp-json\/wp\/v2\/types\/awf-news"}],"author":[{"embeddable":true,"href":"https:\/\/awf.world\/es\/wp-json\/wp\/v2\/users\/24"}],"wp:featuredmedia":[{"embeddable":true,"href":"https:\/\/awf.world\/es\/wp-json\/wp\/v2\/media\/25215"}],"wp:attachment":[{"href":"https:\/\/awf.world\/es\/wp-json\/wp\/v2\/media?parent=25216"}],"wp:term":[{"taxonomy":"category","embeddable":true,"href":"https:\/\/awf.world\/es\/wp-json\/wp\/v2\/categories?post=25216"},{"taxonomy":"post_tag","embeddable":true,"href":"https:\/\/awf.world\/es\/wp-json\/wp\/v2\/tags?post=25216"}],"curies":[{"name":"wp","href":"https:\/\/api.w.org\/{rel}","templated":true}]}}