{"id":25093,"date":"2020-06-11T09:08:17","date_gmt":"2020-06-11T14:08:17","guid":{"rendered":"http:\/\/awf.world\/awf-news\/la-alianza-en-cuba-en-medio-del-coronavirus\/"},"modified":"2021-10-28T16:00:38","modified_gmt":"2021-10-28T21:00:38","slug":"la-alianza-en-cuba-en-medio-del-coronavirus","status":"publish","type":"awf-news","link":"https:\/\/awf.world\/es\/awf-news\/la-alianza-en-cuba-en-medio-del-coronavirus\/","title":{"rendered":"La Alianza en Cuba en Medio del Coronavirus"},"content":{"rendered":"<h3 style=\"text-align: justify;\">La ACyM en Cuba ha enfrentado dificultades crecientes con la pandemia. El pa\u00eds ha tenido limitaciones en muchas \u00e1reas de la vida, desde el acceso al agua y la electricidad hasta la compra de productos b\u00e1sicos de higiene y alimentaci\u00f3n. Esa situaci\u00f3n ha empeorado con el nuevo coronavirus. Vea c\u00f3mo puede ayudar a nuestra familia de la Alianza en Cuba.<\/h3>\n<p>El COVID-19 ha empeorado la situaci\u00f3n en Cuba. Varias familias de pastores sufren de falta de agua. Muchas de sus casas est\u00e1n hechas de madera y est\u00e1n deterioradas por las lluvias, fuertes vientos y huracanes que azotan el pa\u00eds. Algunas familias no tienen equipos b\u00e1sicos como un refrigerador o cocina. Adem\u00e1s, los productos son cada vez m\u00e1s escasos en el mercado, lo que hace que la poblaci\u00f3n pase horas en filas para comprar algo y aumenta la transmisi\u00f3n.<\/p>\n<p><img loading=\"lazy\" decoding=\"async\" class=\"alignleft size-medium wp-image-25108\" src=\"http:\/\/awf.world\/wp-content\/uploads\/2020\/06\/Cuba-in-the-Midst-of-the-Coronavirus_2020-064-224x300.jpg\" alt=\"\" width=\"224\" height=\"300\" srcset=\"https:\/\/awf.world\/wp-content\/uploads\/2020\/06\/Cuba-in-the-Midst-of-the-Coronavirus_2020-064-224x300.jpg 224w, https:\/\/awf.world\/wp-content\/uploads\/2020\/06\/Cuba-in-the-Midst-of-the-Coronavirus_2020-064.jpg 754w\" sizes=\"auto, (max-width: 224px) 100vw, 224px\" \/><\/p>\n<p>A pesar de todas estas dificultades, la Iglesia Alianza en Cuba contin\u00faa creciendo. Pero seg\u00fan un l\u00edder local, \u201cla gran mayor\u00eda de los pastores viven por fe, en condiciones extremas, en lugares remotos y de dif\u00edcil acceso, sin tel\u00e9fono ni comunicaci\u00f3n.\u201d Aun as\u00ed, las iglesias han estado trabajando para cuidar a quienes las rodean, prestando especial atenci\u00f3n a las familias m\u00e1s necesitadas, a las que tienen hijos, ancianos, mujeres embarazadas y discapacitados. El trabajo ha sido diario, recolectando y distribuyendo alimentos y productos de higiene, junto con la predicaci\u00f3n de la palabra. Pero necesitan m\u00e1s recursos para poder llegar a m\u00e1s familias.<\/p>\n<p><img loading=\"lazy\" decoding=\"async\" class=\"alignright size-medium wp-image-25083\" src=\"http:\/\/awf.world\/wp-content\/uploads\/2020\/06\/Cuba-in-the-Midst-of-the-Coronavirus_2020-065-180x300.jpg\" alt=\"\" width=\"180\" height=\"300\" srcset=\"https:\/\/awf.world\/wp-content\/uploads\/2020\/06\/Cuba-in-the-Midst-of-the-Coronavirus_2020-065-180x300.jpg 180w, https:\/\/awf.world\/wp-content\/uploads\/2020\/06\/Cuba-in-the-Midst-of-the-Coronavirus_2020-065-613x1024.jpg 613w, https:\/\/awf.world\/wp-content\/uploads\/2020\/06\/Cuba-in-the-Midst-of-the-Coronavirus_2020-065.jpg 647w\" sizes=\"auto, (max-width: 180px) 100vw, 180px\" \/><\/p>\n<p>Seg\u00fan un pastor local, \u201cla iglesia existe en aquellos lugares donde muchas personas no quieren ir porque requiere sacrificio, desinter\u00e9s, fuerza de voluntad y pasi\u00f3n por las almas. En Isa\u00edas 59:1 nos dice \u2018He aqu\u00ed que no se ha acortado la mano de Jehov\u00e1 para salvar, ni se ha agravado su o\u00eddo para o\u00edr.\u2019 \u201cCreo que somos esas manos que se extienden para cumplir el llamado del Se\u00f1or y ser una bendici\u00f3n para todos los que lo necesitan.\u201d<\/p>\n<p>Por favor, contin\u00fae orando por las familias pastorales, por los miembros de las iglesias y por las comunidades donde sirven.<\/p>\n","protected":false},"author":24,"featured_media":25091,"template":"","meta":{"inline_featured_image":false,"ngg_post_thumbnail":0,"_EventAllDay":false,"_EventTimezone":"","_EventStartDate":"","_EventEndDate":"","_EventStartDateUTC":"","_EventEndDateUTC":"","_EventShowMap":false,"_EventShowMapLink":false,"_EventURL":"","_EventCost":"","_EventCostDescription":"","_EventCurrencySymbol":"","_EventCurrencyCode":"","_EventCurrencyPosition":"","_EventDateTimeSeparator":"","_EventTimeRangeSeparator":"","_EventOrganizerID":[],"_EventVenueID":[],"_OrganizerEmail":"","_OrganizerPhone":"","_OrganizerWebsite":"","_VenueAddress":"","_VenueCity":"","_VenueCountry":"","_VenueProvince":"","_VenueState":"","_VenueZip":"","_VenuePhone":"","_VenueURL":"","_VenueStateProvince":"","_VenueLat":"","_VenueLng":"","_VenueShowMap":false,"_VenueShowMapLink":false},"categories":[99,34,105],"tags":[231,254,253,209,275,274],"class_list":["post-25093","awf-news","type-awf-news","status-publish","has-post-thumbnail","hentry","category-latin-america-es","category-news-es","category-projects-es","tag-cla-es","tag-cuba-es","tag-cuidado-pastoral","tag-america-latina","tag-socorro-y-desarrollo","tag-trabajo-social"],"_links":{"self":[{"href":"https:\/\/awf.world\/es\/wp-json\/wp\/v2\/awf-news\/25093","targetHints":{"allow":["GET"]}}],"collection":[{"href":"https:\/\/awf.world\/es\/wp-json\/wp\/v2\/awf-news"}],"about":[{"href":"https:\/\/awf.world\/es\/wp-json\/wp\/v2\/types\/awf-news"}],"author":[{"embeddable":true,"href":"https:\/\/awf.world\/es\/wp-json\/wp\/v2\/users\/24"}],"wp:featuredmedia":[{"embeddable":true,"href":"https:\/\/awf.world\/es\/wp-json\/wp\/v2\/media\/25091"}],"wp:attachment":[{"href":"https:\/\/awf.world\/es\/wp-json\/wp\/v2\/media?parent=25093"}],"wp:term":[{"taxonomy":"category","embeddable":true,"href":"https:\/\/awf.world\/es\/wp-json\/wp\/v2\/categories?post=25093"},{"taxonomy":"post_tag","embeddable":true,"href":"https:\/\/awf.world\/es\/wp-json\/wp\/v2\/tags?post=25093"}],"curies":[{"name":"wp","href":"https:\/\/api.w.org\/{rel}","templated":true}]}}