{"id":25039,"date":"2020-05-28T08:38:05","date_gmt":"2020-05-28T13:38:05","guid":{"rendered":"http:\/\/awf.world\/awf-news\/en-homenaje-a-la-misionera-chilena-cecilia-albornoz\/"},"modified":"2020-05-29T09:12:33","modified_gmt":"2020-05-29T14:12:33","slug":"en-homenaje-a-la-misionera-chilena-cecilia-albornoz","status":"publish","type":"awf-news","link":"https:\/\/awf.world\/es\/awf-news\/en-homenaje-a-la-misionera-chilena-cecilia-albornoz\/","title":{"rendered":"En Homenaje a la Misionera Chilena, Cecilia Albornoz"},"content":{"rendered":"<h3 style=\"text-align: justify;\">\u201cCecilia Albornoz: sus convicciones, palabras, alegr\u00eda y ganas de alcanzar a los perdidos quedar\u00e1n grabados en nuestros corazones como un sonido constante que durar\u00e1 por siempre\u201d. Estas son las palabras de Pastor Jorge Barra, director del Departamento Nacional de Misiones (DNM) de Chile, al recordar a Cecilia, quien fallece el 11 de mayo de 2020 en la ciudad de Temuco, Chile.<\/h3>\n<p>En el a\u00f1o 2008 la Iglesia Dinamarca presenta el \u201cProyecto Israel\u201d y a Cecilia como misionera a cargo. El 1 de julio de 2009 es enviada a Israel por su iglesia y el DNM Chile, en convenio con la Confraternidad Mundial de la Alianza (AWF), donde sirvi\u00f3 por m\u00e1s de 11 a\u00f1os.<\/p>\n<p>\u201cQuiero expresar desde lo m\u00e1s profundo de mi coraz\u00f3n un sincero \u201cgracias\u201d a todos aquellos que fueron parte del env\u00edo de Cecilia a Israel. Ella ha sido una gran colaboradora y miembro del equipo, ha sido una ayuda incre\u00edble para nosotros de tantas maneras, la amamos y es una querida hermana en Cristo\u201d nos comparte el Rev. Marshal K. Mullinax, Sub Director de Campo y Coordinador de equipo jud\u00edo en la\u00a0Alianza Cristiana y Misionera de Israel.<\/p>\n<p>Cecilia estuvo involucrada con la labor misionera, evangel\u00edstica, de discipulado, ense\u00f1anza y gesti\u00f3n social durante su trayectoria en varios pa\u00edses como Chile, Portugal, Paraguay y Brasil. Se prepar\u00f3 en el Seminario Teol\u00f3gico de Temuco, donde tambi\u00e9n fue profesora de ingl\u00e9s y lo perfeccion\u00f3 en la Universidad Johnson County, USA. Tambi\u00e9n curs\u00f3 m\u00f3dulos de FATELA (Facultad Teol\u00f3gica Latinoamericana) hasta cuando fue enviada a Israel.<\/p>\n<p>Retorn\u00f3 a Chile en octubre del 2018 por problemas en su salud, a los pocos d\u00edas de llegar al pa\u00eds su padre fallece. Se somete a un tratamiento del cual es dada de alta en 2019 con controles peri\u00f3dicos desde entonces.<\/p>\n<p>Cecilia naci\u00f3 el 28 de abril de 1967 y era la menor de cinco hijos. Sus padres Nancy Cohen y Vicente Albornoz, sus hermanos Ricardo, Vicente, Jaime y Liliana, que fallece antes del a\u00f1o de vida.<\/p>\n<p>Su amor por Israel se deb\u00eda a que el porcentaje de creyentes ah\u00ed es menor al 2%. Son un pueblo menospreciado y perseguido que necesita conocer el amor de Dios. Adem\u00e1s, es una base estrat\u00e9gica para ministerios a todo el Medio Oriente.<\/p>\n<p>Oremos al Se\u00f1or para que siga trayendo consuelo a su familia durante este tiempo de p\u00e9rdida.<\/p>\n","protected":false},"author":24,"featured_media":25038,"template":"","meta":{"inline_featured_image":false,"ngg_post_thumbnail":0,"_EventAllDay":false,"_EventTimezone":"","_EventStartDate":"","_EventEndDate":"","_EventStartDateUTC":"","_EventEndDateUTC":"","_EventShowMap":false,"_EventShowMapLink":false,"_EventURL":"","_EventCost":"","_EventCostDescription":"","_EventCurrencySymbol":"","_EventCurrencyCode":"","_EventCurrencyPosition":"","_EventDateTimeSeparator":"","_EventTimeRangeSeparator":"","_EventOrganizerID":[],"_EventVenueID":[],"_OrganizerEmail":"","_OrganizerPhone":"","_OrganizerWebsite":"","_VenueAddress":"","_VenueCity":"","_VenueCountry":"","_VenueProvince":"","_VenueState":"","_VenueZip":"","_VenuePhone":"","_VenueURL":"","_VenueStateProvince":"","_VenueLat":"","_VenueLng":"","_VenueShowMap":false,"_VenueShowMapLink":false},"categories":[99,34],"tags":[396,231,209,207],"class_list":["post-25039","awf-news","type-awf-news","status-publish","has-post-thumbnail","hentry","category-latin-america-es","category-news-es","tag-chile-es","tag-cla-es","tag-america-latina","tag-misiones"],"_links":{"self":[{"href":"https:\/\/awf.world\/es\/wp-json\/wp\/v2\/awf-news\/25039","targetHints":{"allow":["GET"]}}],"collection":[{"href":"https:\/\/awf.world\/es\/wp-json\/wp\/v2\/awf-news"}],"about":[{"href":"https:\/\/awf.world\/es\/wp-json\/wp\/v2\/types\/awf-news"}],"author":[{"embeddable":true,"href":"https:\/\/awf.world\/es\/wp-json\/wp\/v2\/users\/24"}],"wp:featuredmedia":[{"embeddable":true,"href":"https:\/\/awf.world\/es\/wp-json\/wp\/v2\/media\/25038"}],"wp:attachment":[{"href":"https:\/\/awf.world\/es\/wp-json\/wp\/v2\/media?parent=25039"}],"wp:term":[{"taxonomy":"category","embeddable":true,"href":"https:\/\/awf.world\/es\/wp-json\/wp\/v2\/categories?post=25039"},{"taxonomy":"post_tag","embeddable":true,"href":"https:\/\/awf.world\/es\/wp-json\/wp\/v2\/tags?post=25039"}],"curies":[{"name":"wp","href":"https:\/\/api.w.org\/{rel}","templated":true}]}}