{"id":24832,"date":"2020-03-19T15:04:09","date_gmt":"2020-03-19T20:04:09","guid":{"rendered":"http:\/\/awf.world\/awf-news\/vida-mas-profunda-y-misiones-en-el-corazon-del-ministerio-de-icte\/"},"modified":"2020-04-01T13:17:33","modified_gmt":"2020-04-01T18:17:33","slug":"vida-mas-profunda-y-misiones-en-el-corazon-del-ministerio-de-icte","status":"publish","type":"awf-news","link":"https:\/\/awf.world\/es\/awf-news\/vida-mas-profunda-y-misiones-en-el-corazon-del-ministerio-de-icte\/","title":{"rendered":"Vida M\u00e1s Profunda y Misiones en el Coraz\u00f3n del Ministerio de ICTE"},"content":{"rendered":"<h3 style=\"text-align: justify;\">La reuni\u00f3n de la Comisi\u00f3n Internacional de Educaci\u00f3n Teol\u00f3gica (ICTE) se hizo eco del tema de la pr\u00f3xima Convocatoria Cuadrienal de AWF: la intersecci\u00f3n entre una Vida M\u00e1s Profunda y las Misiones. Se concluy\u00f3 el borrador de la Declaraci\u00f3n de Guayaquil y se seleccionaron los dos ganadores del Premio de Teolog\u00eda de AWF.<\/h3>\n<p>La reuni\u00f3n programada de\u00a0<a href=\"https:\/\/awf.world\/es\/comision-de-educacion-teologica\/\" target=\"_blank\" rel=\"noopener\">ICTE<\/a>\u00a0en \u00c1msterdam fue desafortunadamente cancelada debido a la crisis mundial de la corona. Sin embargo, pudimos reunirnos en l\u00ednea a trav\u00e9s de videoconferencia y pasamos un tiempo beneficioso juntos.<\/p>\n<p>Trabajamos en los preparativos para la\u00a0<a href=\"https:\/\/awf2020.world\/es\" target=\"_blank\" rel=\"noopener\">Cuadrienal de AWF<\/a> en Guayaquil, Ecuador, el octubre pr\u00f3ximo. Juntos finalizamos la Declaraci\u00f3n de Guayaquil que acent\u00faa la Vida M\u00e1s Profunda y las Misiones.<\/p>\n<p>Adem\u00e1s, profundizamos a\u00fan m\u00e1s el contenido del Taller de Educaci\u00f3n Teol\u00f3gica que se ofrecer\u00e1 durante la Cuadrienal y seleccionamos los dos ensayos ganadores del <a href=\"https:\/\/awf.world\/es\/awf-news\/premio-de-teologia-de-la-awf\/\" target=\"_blank\" rel=\"noopener\">Premio de Teolog\u00eda de AWF<\/a>, cuyos autores ser\u00e1n recompensados con la participaci\u00f3n gratuita en la Cuadrienal.<\/p>\n<p>En la Cuadrienal, se lanzar\u00e1 una nueva publicaci\u00f3n de A.B. Simpson. ICTE compil\u00f3 varios art\u00edculos importantes de Simpson y los reuni\u00f3 en un libro de un volumen que estar\u00e1 disponible en ingl\u00e9s y espa\u00f1ol.<\/p>\n<p>Se hicieron preparativos preliminares para un nuevo\u00a0<a href=\"https:\/\/awf.world\/es\/awf-news\/iniciativa-de-capacitacion-de-la-awf-icte-para-jovenes-educadores\/\" target=\"_blank\" rel=\"noopener\">Programa de J\u00f3venes Acad\u00e9micos<\/a> que se llevar\u00e1 a cabo durante el verano de 2021.<\/p>\n<p>Estamos muy contentos de escuchar muchos comentarios positivos sobre los diversos Seminarios de la Alianza que se llevaron a cabo en las diferentes regiones. Llegar\u00e1 el momento en que volver\u00e1 a ser posible viajar, as\u00ed que no dude en ponerse en contacto con nosotros para organizar un Seminario de ADN de la Alianza en su propia regi\u00f3n o pa\u00eds.<\/p>\n<p>Perm\u00edtanme terminar con una palabra de aliento del Salmo 46.10: \u201cEstad quietos y conoced que yo soy Dios.\u201d En estos tiempos inquietantes, concentr\u00e9monos y rind\u00e1monos a nuestro Se\u00f1or: Cristo nuestro Salvador, Santificador, Sanador y Rey que viene.<\/p>\n","protected":false},"author":24,"featured_media":24831,"template":"","meta":{"inline_featured_image":false,"ngg_post_thumbnail":0,"_EventAllDay":false,"_EventTimezone":"","_EventStartDate":"","_EventEndDate":"","_EventStartDateUTC":"","_EventEndDateUTC":"","_EventShowMap":false,"_EventShowMapLink":false,"_EventURL":"","_EventCost":"","_EventCostDescription":"","_EventCurrencySymbol":"","_EventCurrencyCode":"","_EventCurrencyPosition":"","_EventDateTimeSeparator":"","_EventTimeRangeSeparator":"","_EventOrganizerID":[],"_EventVenueID":[],"_OrganizerEmail":"","_OrganizerPhone":"","_OrganizerWebsite":"","_VenueAddress":"","_VenueCity":"","_VenueCountry":"","_VenueProvince":"","_VenueState":"","_VenueZip":"","_VenuePhone":"","_VenueURL":"","_VenueStateProvince":"","_VenueLat":"","_VenueLng":"","_VenueShowMap":false,"_VenueShowMapLink":false},"categories":[34],"tags":[347,384,346,207],"class_list":["post-24832","awf-news","type-awf-news","status-publish","has-post-thumbnail","hentry","category-news-es","tag-comision-internacional-de-educacion-teologica","tag-convocatoria-cuatrienal","tag-icte-es","tag-misiones"],"_links":{"self":[{"href":"https:\/\/awf.world\/es\/wp-json\/wp\/v2\/awf-news\/24832","targetHints":{"allow":["GET"]}}],"collection":[{"href":"https:\/\/awf.world\/es\/wp-json\/wp\/v2\/awf-news"}],"about":[{"href":"https:\/\/awf.world\/es\/wp-json\/wp\/v2\/types\/awf-news"}],"author":[{"embeddable":true,"href":"https:\/\/awf.world\/es\/wp-json\/wp\/v2\/users\/24"}],"wp:featuredmedia":[{"embeddable":true,"href":"https:\/\/awf.world\/es\/wp-json\/wp\/v2\/media\/24831"}],"wp:attachment":[{"href":"https:\/\/awf.world\/es\/wp-json\/wp\/v2\/media?parent=24832"}],"wp:term":[{"taxonomy":"category","embeddable":true,"href":"https:\/\/awf.world\/es\/wp-json\/wp\/v2\/categories?post=24832"},{"taxonomy":"post_tag","embeddable":true,"href":"https:\/\/awf.world\/es\/wp-json\/wp\/v2\/tags?post=24832"}],"curies":[{"name":"wp","href":"https:\/\/api.w.org\/{rel}","templated":true}]}}