{"id":24666,"date":"2019-11-20T15:50:55","date_gmt":"2019-11-20T20:50:55","guid":{"rendered":"http:\/\/awf.world\/awf-news\/un-terreno-duro-abre-paso-en-espana\/"},"modified":"2019-11-20T15:50:55","modified_gmt":"2019-11-20T20:50:55","slug":"un-terreno-duro-abre-paso-en-espana","status":"publish","type":"awf-news","link":"https:\/\/awf.world\/es\/awf-news\/un-terreno-duro-abre-paso-en-espana\/","title":{"rendered":"Un Terreno Duro Abre Paso en Espa\u00f1a"},"content":{"rendered":"<h3 style=\"text-align: justify;\">La Iglesia Alianza en Espa\u00f1a comenz\u00f3 en 1978 por Fred y Ann Kowalchuk, misioneros enviados desde la Alianza de los Estados Unidos. Los primeros a\u00f1os fueron dif\u00edciles, con cinco congregaciones reducidas a tres. Un equipo de relevos ministr\u00f3 de 1993 a 1994, y el enfoque cambi\u00f3 de Barcelona a Madrid.<\/h3>\n<p>De 1996 a 2006, las tres iglesias crecieron debido a una gran afluencia de migrantes de Am\u00e9rica Latina.<\/p>\n<p>En 2007, las iglesias se hab\u00edan convertido en una federaci\u00f3n, la Federaci\u00f3n de Iglesias de la Alianza Cristiana y Misionera de Espa\u00f1a (FIACME). Ahora hay 30 iglesias miembros y asociadas. El actual presidente nacional de la Alianza en Espa\u00f1a es Jorge \u00c1lvarez.<\/p>\n<p>Ministerios Nacionales:<\/p>\n<ul>\n<li>Instituto de Formaci\u00f3n Ministerial Alianza (INFORMA)<\/li>\n<li>Escuela Betania de Discipulado y Misiones<\/li>\n<li>Tesoros Escondidos: Campamentos de Ni\u00f1os<\/li>\n<li>Retiro anual de parejas pastorales<\/li>\n<li>Tres Campus de la Escuela de Oraci\u00f3n Internacional<\/li>\n<li>Proyecto 7 Islas Canarias<\/li>\n<li>Retiro nacional de mujeres<\/li>\n<\/ul>\n<p>Puntos de Oraci\u00f3n:<\/p>\n<ul>\n<li>Da gracias a Dios por los bautismos y las conversiones en las iglesias, as\u00ed como por la iniciativa tomada para establecer ministerios nacionales.<\/li>\n<li>Da gracias a Dios por la diversidad de pastores e iglesias miembros. Ora para que los diferentes modelos de gobierno y filosof\u00eda funcionen bien juntos.<\/li>\n<li>Da gracias a Dios por las conversiones de muchos latinoamericanos. Ora por los espa\u00f1oles locales, por la destrucci\u00f3n de las fortalezas espirituales.<\/li>\n<\/ul>\n","protected":false},"author":24,"featured_media":24665,"template":"","meta":{"inline_featured_image":false,"ngg_post_thumbnail":0,"_EventAllDay":false,"_EventTimezone":"","_EventStartDate":"","_EventEndDate":"","_EventStartDateUTC":"","_EventEndDateUTC":"","_EventShowMap":false,"_EventShowMapLink":false,"_EventURL":"","_EventCost":"","_EventCostDescription":"","_EventCurrencySymbol":"","_EventCurrencyCode":"","_EventCurrencyPosition":"","_EventDateTimeSeparator":"","_EventTimeRangeSeparator":"","_EventOrganizerID":[],"_EventVenueID":[],"_OrganizerEmail":"","_OrganizerPhone":"","_OrganizerWebsite":"","_VenueAddress":"","_VenueCity":"","_VenueCountry":"","_VenueProvince":"","_VenueState":"","_VenueZip":"","_VenuePhone":"","_VenueURL":"","_VenueStateProvince":"","_VenueLat":"","_VenueLng":"","_VenueShowMap":false,"_VenueShowMapLink":false},"categories":[100,34],"tags":[253,202,242,205,267,207],"class_list":["post-24666","awf-news","type-awf-news","status-publish","has-post-thumbnail","hentry","category-emerald-es","category-news-es","tag-cuidado-pastoral","tag-emerald-es","tag-espana","tag-liderazgo","tag-ministerio-de-mujeres","tag-misiones"],"_links":{"self":[{"href":"https:\/\/awf.world\/es\/wp-json\/wp\/v2\/awf-news\/24666","targetHints":{"allow":["GET"]}}],"collection":[{"href":"https:\/\/awf.world\/es\/wp-json\/wp\/v2\/awf-news"}],"about":[{"href":"https:\/\/awf.world\/es\/wp-json\/wp\/v2\/types\/awf-news"}],"author":[{"embeddable":true,"href":"https:\/\/awf.world\/es\/wp-json\/wp\/v2\/users\/24"}],"wp:featuredmedia":[{"embeddable":true,"href":"https:\/\/awf.world\/es\/wp-json\/wp\/v2\/media\/24665"}],"wp:attachment":[{"href":"https:\/\/awf.world\/es\/wp-json\/wp\/v2\/media?parent=24666"}],"wp:term":[{"taxonomy":"category","embeddable":true,"href":"https:\/\/awf.world\/es\/wp-json\/wp\/v2\/categories?post=24666"},{"taxonomy":"post_tag","embeddable":true,"href":"https:\/\/awf.world\/es\/wp-json\/wp\/v2\/tags?post=24666"}],"curies":[{"name":"wp","href":"https:\/\/api.w.org\/{rel}","templated":true}]}}