{"id":24660,"date":"2019-11-13T12:24:45","date_gmt":"2019-11-13T17:24:45","guid":{"rendered":"http:\/\/awf.world\/?post_type=awf-news&#038;p=24660"},"modified":"2020-02-19T14:17:45","modified_gmt":"2020-02-19T19:17:45","slug":"iglesia-ecuatoriana-celebra-120-anos-y-sigue-adelante-en-la-obra-de-dios","status":"publish","type":"awf-news","link":"https:\/\/awf.world\/es\/awf-news\/iglesia-ecuatoriana-celebra-120-anos-y-sigue-adelante-en-la-obra-de-dios\/","title":{"rendered":"Iglesia Ecuatoriana Celebra 120 A\u00f1os y Sigue Avanzando en la Obra de Dios"},"content":{"rendered":"<h3 style=\"text-align: justify;\">El trabajo en Ecuador comenz\u00f3 hace 120 a\u00f1os a trav\u00e9s de los esfuerzos de Guillermo Fritz y Eduardo Tarbox. M\u00e1s tarde, los misioneros Homero Crisman y Guillermo Reed se unieron a la obra. La ACyM nacional se estableci\u00f3 en 1945. Hoy, la iglesia celebra los 120 a\u00f1os de trabajo en Ecuador, agradecida por el sostenimiento de Dios en cada paso. La iglesia sigue completamente comprometida con continuar la tarea de ver la renovaci\u00f3n social en Ecuador y forjar y formar generaciones que brillen para la gloria de Dios.<\/h3>\n<p>&nbsp;<\/p>\n<p>La ACyM de Ecuador tiene varios ministerios:<\/p>\n<ul>\n<li><strong>El Departamento Nacional de Misiones Mundiales de la ACyM (DNMM-ACyM)<\/strong> busca canalizar los recursos de las iglesias nacionales para el trabajo misionero intercultural; en particular, para enviar misioneros a los pueblos menos alcanzados de la ventana 10\/40 proporcionando apoyo espiritual y econ\u00f3mico de las iglesias.<\/li>\n<li><strong>El Consejo Nacional de Educaci\u00f3n Teol\u00f3gica (CONADET)<\/strong> se encarga de velar el buen funcionamiento y la administraci\u00f3n del Seminario B\u00edblico Alianza del Ecuador, hace un trabajo supervisado por la Junta Directiva Nacional.<\/li>\n<li><strong>El Departamento de Educaci\u00f3n Cristiana <\/strong>sirve a las iglesias locales a trav\u00e9s del entrenamiento de maestros, discipulado, evangelismo y provisi\u00f3n de materiales para ni\u00f1os.<\/li>\n<li><strong>El Departamento de Evangelismo <\/strong>se encarga de velar por el crecimiento de las iglesias locales y promover el evangelismo por medio de material y actividades evangel\u00edsticas.<\/li>\n<li><strong>El Departamento de Comunicaciones <\/strong>tiene como prop\u00f3sito servir a la Alianza del Ecuador por medio de la tecnolog\u00eda, creando nuevas v\u00edas de informaci\u00f3n para fortalecer la comunicaci\u00f3n entre ministerios nacionales, departamentos, iglesias y congregaciones en general.<\/li>\n<li><strong>Las Asociaciones<\/strong>:<br \/>\n<strong>&#8211; La Asociaci\u00f3n Nacional de J\u00f3venes Evang\u00e9licos (ANJE)<\/strong> trabaja con las iglesias locales por medio de los ministerios juveniles.<br \/>\n<strong>&#8211; La Asociaci\u00f3n Nacional Feminil Ecuatoriana (ANAFE)<\/strong> trabaja con los ministerios de mujeres de cada una de las iglesias de la Alianza.<\/li>\n<\/ul>\n<p>La Alianza en Ecuador est\u00e1 dividida en seis regiones que llevan a cabo los planes de la iglesia nacional.<\/p>\n<p>Solicitudes de Oraci\u00f3n:<\/p>\n<ul>\n<li>Para que la Alianza del Ecuador se mantenga unida como una sola Iglesia Nacional.<\/li>\n<li>Por el env\u00edo de m\u00e1s misioneros al campo transcultural.<\/li>\n<li>Por el trabajo ministerial que realiza la Junta Directiva Nacional.<\/li>\n<\/ul>\n","protected":false},"author":24,"featured_media":24676,"template":"","meta":{"inline_featured_image":false,"ngg_post_thumbnail":0,"_EventAllDay":false,"_EventTimezone":"","_EventStartDate":"","_EventEndDate":"","_EventStartDateUTC":"","_EventEndDateUTC":"","_EventShowMap":false,"_EventShowMapLink":false,"_EventURL":"","_EventCost":"","_EventCostDescription":"","_EventCurrencySymbol":"","_EventCurrencyCode":"","_EventCurrencyPosition":"","_EventDateTimeSeparator":"","_EventTimeRangeSeparator":"","_EventOrganizerID":[],"_EventVenueID":[],"_OrganizerEmail":"","_OrganizerPhone":"","_OrganizerWebsite":"","_VenueAddress":"","_VenueCity":"","_VenueCountry":"","_VenueProvince":"","_VenueState":"","_VenueZip":"","_VenuePhone":"","_VenueURL":"","_VenueStateProvince":"","_VenueLat":"","_VenueLng":"","_VenueShowMap":false,"_VenueShowMapLink":false},"categories":[99,34],"tags":[231,383,232,209,205,323,267,207,203],"class_list":["post-24660","awf-news","type-awf-news","status-publish","has-post-thumbnail","hentry","category-latin-america-es","category-news-es","tag-cla-es","tag-ecuador-es","tag-educacion-teologica","tag-america-latina","tag-liderazgo","tag-ministerio-de-jovenes","tag-ministerio-de-mujeres","tag-misiones","tag-plantacion-de-iglesias"],"_links":{"self":[{"href":"https:\/\/awf.world\/es\/wp-json\/wp\/v2\/awf-news\/24660","targetHints":{"allow":["GET"]}}],"collection":[{"href":"https:\/\/awf.world\/es\/wp-json\/wp\/v2\/awf-news"}],"about":[{"href":"https:\/\/awf.world\/es\/wp-json\/wp\/v2\/types\/awf-news"}],"author":[{"embeddable":true,"href":"https:\/\/awf.world\/es\/wp-json\/wp\/v2\/users\/24"}],"wp:featuredmedia":[{"embeddable":true,"href":"https:\/\/awf.world\/es\/wp-json\/wp\/v2\/media\/24676"}],"wp:attachment":[{"href":"https:\/\/awf.world\/es\/wp-json\/wp\/v2\/media?parent=24660"}],"wp:term":[{"taxonomy":"category","embeddable":true,"href":"https:\/\/awf.world\/es\/wp-json\/wp\/v2\/categories?post=24660"},{"taxonomy":"post_tag","embeddable":true,"href":"https:\/\/awf.world\/es\/wp-json\/wp\/v2\/tags?post=24660"}],"curies":[{"name":"wp","href":"https:\/\/api.w.org\/{rel}","templated":true}]}}