{"id":24594,"date":"2020-01-22T12:35:01","date_gmt":"2020-01-22T17:35:01","guid":{"rendered":"http:\/\/awf.world\/awf-news\/conoce-mafe-la-hija-de-un-pastor-que-volvio-a-cristo-y-ahora-llega-a-miles-a-traves-de-youtube\/"},"modified":"2020-04-02T07:54:11","modified_gmt":"2020-04-02T12:54:11","slug":"conoce-mafe-la-hija-de-un-pastor-que-volvio-a-cristo-y-ahora-llega-a-miles-a-traves-de-youtube","status":"publish","type":"awf-news","link":"https:\/\/awf.world\/es\/awf-news\/conoce-mafe-la-hija-de-un-pastor-que-volvio-a-cristo-y-ahora-llega-a-miles-a-traves-de-youtube\/","title":{"rendered":"Conoce Mafe, la hija de un pastor que volvi\u00f3 a Cristo, y ahora llega a miles a trav\u00e9s de YouTube"},"content":{"rendered":"<h3 style=\"text-align: justify;\">Maria Fe es una peruana de 21 a\u00f1os que vive en Espa\u00f1a y \u00abpredica\u00bb a trav\u00e9s de las redes sociales. Su canal de YouTube, \u201cBe the Light\u201d (Se la Luz), tiene casi 100,000 suscriptores y ha recibido millones de visitas. Pero a lo largo de su adolescencia, \u00abMafe\u00bb fue marginada por su origen \u00e9tnico y su fe, dej\u00e1ndola perdida, sinti\u00e9ndose indigna y distante de Dios.<\/h3>\n<figure id=\"attachment_24591\" aria-describedby=\"caption-attachment-24591\" style=\"width: 300px\" class=\"wp-caption alignleft\"><img loading=\"lazy\" decoding=\"async\" class=\"wp-image-24591 size-medium\" src=\"http:\/\/awf.world\/wp-content\/uploads\/2020\/01\/Mafe_Betania1-300x200.jpg\" alt=\"\" width=\"300\" height=\"200\" srcset=\"https:\/\/awf.world\/wp-content\/uploads\/2020\/01\/Mafe_Betania1-300x200.jpg 300w, https:\/\/awf.world\/wp-content\/uploads\/2020\/01\/Mafe_Betania1-768x513.jpg 768w, https:\/\/awf.world\/wp-content\/uploads\/2020\/01\/Mafe_Betania1-1024x684.jpg 1024w, https:\/\/awf.world\/wp-content\/uploads\/2020\/01\/Mafe_Betania1-391x260.jpg 391w, https:\/\/awf.world\/wp-content\/uploads\/2020\/01\/Mafe_Betania1-272x182.jpg 272w, https:\/\/awf.world\/wp-content\/uploads\/2020\/01\/Mafe_Betania1.jpg 1500w\" sizes=\"auto, (max-width: 300px) 100vw, 300px\" \/><figcaption id=\"caption-attachment-24591\" class=\"wp-caption-text\">\u00abMafe\u00bb Maria Fe<\/figcaption><\/figure>\n<p>Los padres de Maria Fe son misioneros de la ACyM de Per\u00fa que sirven en Espa\u00f1a. Crecer en una familia cristiana \u00e9tnicamente peruana en Espa\u00f1a fue dif\u00edcil, donde la religi\u00f3n mayoritaria es el catolicismo romano. Mafe fue mal entendida y se burl\u00f3 de su origen \u00e9tnico, as\u00ed como de la l\u00ednea de trabajo de su familia.<\/p>\n<p>Inicialmente apasionada por su fe, los sentimientos de marginaci\u00f3n de Mafe se manifestaron en problemas de identidad, lo que la hizo sentir verg\u00fcenza. Cuando era adolescente, su deseo de pertenecer a sus amigos la llev\u00f3 a mentir. Se sent\u00eda culpable, indigna y temerosa de acercarse a Dios. Ella dice: \u201cMe volv\u00ed una ni\u00f1a muy triste, perd\u00ed la esperanza y mi fe. Aunque era hija de un pastor, no era cristiana en absoluto.\u201d<\/p>\n<p>En el verano de 2015, sus padres establecieron la escuela de verano juvenil \u201cBetania\u201d en Alicante, Espa\u00f1a. La animaron a asistir ofreci\u00e9ndole pagarle a cambio de ayudar en la cocina. Un d\u00eda, despu\u00e9s de completar sus deberes, Mafe se sinti\u00f3 aburrida y se sent\u00f3 en una clase de apolog\u00e9tica. Ella recuerda: \u201cTen\u00eda tantas dudas en mi cabeza sobre Dios&#8230; pero en esa clase resolv\u00ed la mayor\u00eda de ellas, las m\u00e1s importantes.\u201d En los d\u00edas que siguieron, se entreg\u00f3 al Se\u00f1or: \u201cLe di todo; mi mente y mi coraz\u00f3n, mi vida.\u201d Fue all\u00ed donde recibi\u00f3 el llamado a predicar, usando YouTube para llegar a miles con su historia y las buenas noticias de Jes\u00fas.<\/p>\n<p>Ahora, Maria Fe est\u00e1 sirviendo en la organizaci\u00f3n de las escuelas de verano misioneras cercanas y participar\u00e1 en el programa anual que comienza en octubre de 2020. Est\u00e1 estudiando en el Instituto B\u00edblico de la\u00a0Alianza Cristiana y Misionera en Espa\u00f1a.<\/p>\n<p>Su canal de YouTube se puede encontrar en: <a href=\"https:\/\/youtu.be\/iUb_ERJh2ag\" target=\"_blank\" rel=\"noopener\">https:\/\/youtu.be\/iUb_ERJh2ag<\/a><\/p>\n","protected":false},"author":24,"featured_media":24590,"template":"","meta":{"inline_featured_image":false,"ngg_post_thumbnail":0,"_EventAllDay":false,"_EventTimezone":"","_EventStartDate":"","_EventEndDate":"","_EventStartDateUTC":"","_EventEndDateUTC":"","_EventShowMap":false,"_EventShowMapLink":false,"_EventURL":"","_EventCost":"","_EventCostDescription":"","_EventCurrencySymbol":"","_EventCurrencyCode":"","_EventCurrencyPosition":"","_EventDateTimeSeparator":"","_EventTimeRangeSeparator":"","_EventOrganizerID":[],"_EventVenueID":[],"_OrganizerEmail":"","_OrganizerPhone":"","_OrganizerWebsite":"","_VenueAddress":"","_VenueCity":"","_VenueCountry":"","_VenueProvince":"","_VenueState":"","_VenueZip":"","_VenuePhone":"","_VenueURL":"","_VenueStateProvince":"","_VenueLat":"","_VenueLng":"","_VenueShowMap":false,"_VenueShowMapLink":false},"categories":[100,34],"tags":[202,242],"class_list":["post-24594","awf-news","type-awf-news","status-publish","has-post-thumbnail","hentry","category-emerald-es","category-news-es","tag-emerald-es","tag-espana"],"_links":{"self":[{"href":"https:\/\/awf.world\/es\/wp-json\/wp\/v2\/awf-news\/24594","targetHints":{"allow":["GET"]}}],"collection":[{"href":"https:\/\/awf.world\/es\/wp-json\/wp\/v2\/awf-news"}],"about":[{"href":"https:\/\/awf.world\/es\/wp-json\/wp\/v2\/types\/awf-news"}],"author":[{"embeddable":true,"href":"https:\/\/awf.world\/es\/wp-json\/wp\/v2\/users\/24"}],"wp:featuredmedia":[{"embeddable":true,"href":"https:\/\/awf.world\/es\/wp-json\/wp\/v2\/media\/24590"}],"wp:attachment":[{"href":"https:\/\/awf.world\/es\/wp-json\/wp\/v2\/media?parent=24594"}],"wp:term":[{"taxonomy":"category","embeddable":true,"href":"https:\/\/awf.world\/es\/wp-json\/wp\/v2\/categories?post=24594"},{"taxonomy":"post_tag","embeddable":true,"href":"https:\/\/awf.world\/es\/wp-json\/wp\/v2\/tags?post=24594"}],"curies":[{"name":"wp","href":"https:\/\/api.w.org\/{rel}","templated":true}]}}