{"id":24401,"date":"2019-11-14T10:35:13","date_gmt":"2019-11-14T15:35:13","guid":{"rendered":"http:\/\/awf.world\/awf-news\/conferencia-regional-de-la-confraternidad-latinoamericana-aliancista-cla-celebrada-en-guatemala\/"},"modified":"2019-11-14T15:22:32","modified_gmt":"2019-11-14T20:22:32","slug":"conferencia-regional-de-la-confraternidad-latinoamericana-aliancista-cla-celebrada-en-guatemala","status":"publish","type":"awf-news","link":"https:\/\/awf.world\/es\/awf-news\/conferencia-regional-de-la-confraternidad-latinoamericana-aliancista-cla-celebrada-en-guatemala\/","title":{"rendered":"Conferencia Regional de la Confraternidad Latinoamericana Aliancista (CLA) Celebrada en Guatemala"},"content":{"rendered":"<h3 style=\"text-align: justify;\">Las iglesias de la ACyM en Am\u00e9rica Central son j\u00f3venes y peque\u00f1as y su iglesia nacional m\u00e1s grande (Guatemala), con m\u00e1s de 9.000 miembros, es una excepci\u00f3n en la regi\u00f3n. Con el tema \u201cLa Vida M\u00e1s Profunda en Cristo Jes\u00fas\u201d, la familia AWF en Am\u00e9rica Latina se reuni\u00f3 en Guatemala para alentar y comprender mejor la Alianza y su misi\u00f3n a los pastores y l\u00edderes de la regi\u00f3n.<\/h3>\n<figure id=\"attachment_24385\" aria-describedby=\"caption-attachment-24385\" style=\"width: 300px\" class=\"wp-caption alignleft\"><img loading=\"lazy\" decoding=\"async\" class=\"size-medium wp-image-24385\" src=\"http:\/\/awf.world\/wp-content\/uploads\/2019\/11\/PK_50220-300x179.jpeg\" alt=\"\" width=\"300\" height=\"179\" srcset=\"https:\/\/awf.world\/wp-content\/uploads\/2019\/11\/PK_50220-300x179.jpeg 300w, https:\/\/awf.world\/wp-content\/uploads\/2019\/11\/PK_50220-768x458.jpeg 768w, https:\/\/awf.world\/wp-content\/uploads\/2019\/11\/PK_50220-1024x611.jpeg 1024w, https:\/\/awf.world\/wp-content\/uploads\/2019\/11\/PK_50220.jpeg 1500w\" sizes=\"auto, (max-width: 300px) 100vw, 300px\" \/><figcaption id=\"caption-attachment-24385\" class=\"wp-caption-text\">El expositar principal, el Dr. Michael Plunket<\/figcaption><\/figure>\n<p>El expositor principal del Simposio de Teolog\u00eda de la Alianza fue el Dr. Michael Plunket, quien ense\u00f1a en el Seminario Teol\u00f3gico de la Alianza. \u00c9l enfatiz\u00f3 la necesidad de cumplir como siervos de Dios el primer y m\u00e1s grande mandamiento: darle a Dios el primer lugar que le corresponde siempre. Bajo los temas \u201cEl Llamado y el Peso de Liderar el Movimiento de Dios\u201d, \u201cLideres Llenos del Esp\u00edritu\u201d, \u201cUnci\u00f3n y Desarrollo del Liderazgo\u201d y \u201cLiderando la Oraci\u00f3n Renovadora\u201d, el Dr. Plunket se centr\u00f3 en la necesidad de que cada creyente sea lleno del Esp\u00edritu Santo y totalmente santi\ufb01cado para dedicarse por completo a la voluntad de Dios.<\/p>\n<figure id=\"attachment_24388\" aria-describedby=\"caption-attachment-24388\" style=\"width: 300px\" class=\"wp-caption alignright\"><img loading=\"lazy\" decoding=\"async\" class=\"size-medium wp-image-24388\" src=\"http:\/\/awf.world\/wp-content\/uploads\/2019\/11\/PK_51165-300x172.jpeg\" alt=\"\" width=\"300\" height=\"172\" srcset=\"https:\/\/awf.world\/wp-content\/uploads\/2019\/11\/PK_51165-300x172.jpeg 300w, https:\/\/awf.world\/wp-content\/uploads\/2019\/11\/PK_51165-768x439.jpeg 768w, https:\/\/awf.world\/wp-content\/uploads\/2019\/11\/PK_51165-1024x586.jpeg 1024w, https:\/\/awf.world\/wp-content\/uploads\/2019\/11\/PK_51165.jpeg 1500w\" sizes=\"auto, (max-width: 300px) 100vw, 300px\" \/><figcaption id=\"caption-attachment-24388\" class=\"wp-caption-text\">El expositor del Congreso Misionero, el Dr. Tim Crouch<\/figcaption><\/figure>\n<p>El expositor del Congreso Misionero fue el Dr. Tim Crouch, Vicepresidente para Ministerios Internacionales de la Alianza de los Estados Unidos. \u00c9l abord\u00f3 los temas \u201cPredicando como Jesucristo\u201d, \u201cSirviendo como Jesucristo\u201d y \u201cCapacitando como Jesucristo\u201d y alent\u00f3 a los asistentes a aprender de Jes\u00fas mientras ministran en una sociedad cada vez m\u00e1s compleja y multifac\u00e9tica.<\/p>\n<p>El pastor David Muthre, presidente de CLA, trajo el mensaje inaugural del evento predicando sobre la \u201cVida M\u00e1s Profunda en Jesucristo\u201d y se\u00f1al\u00f3 que nuestra misi\u00f3n es<\/p>\n<figure id=\"attachment_24393\" aria-describedby=\"caption-attachment-24393\" style=\"width: 300px\" class=\"wp-caption alignleft\"><img loading=\"lazy\" decoding=\"async\" class=\"size-medium wp-image-24393\" src=\"http:\/\/awf.world\/wp-content\/uploads\/2019\/11\/PK_50217-300x181.jpeg\" alt=\"\" width=\"300\" height=\"181\" srcset=\"https:\/\/awf.world\/wp-content\/uploads\/2019\/11\/PK_50217-300x181.jpeg 300w, https:\/\/awf.world\/wp-content\/uploads\/2019\/11\/PK_50217-768x464.jpeg 768w, https:\/\/awf.world\/wp-content\/uploads\/2019\/11\/PK_50217-1024x618.jpeg 1024w, https:\/\/awf.world\/wp-content\/uploads\/2019\/11\/PK_50217.jpeg 1500w\" sizes=\"auto, (max-width: 300px) 100vw, 300px\" \/><figcaption id=\"caption-attachment-24393\" class=\"wp-caption-text\">El Dr. Jura Yanagihara, Presidente de la AWF<\/figcaption><\/figure>\n<p>hacer disc\u00edpulos de Cristo y cultivar la intimidad con el Se\u00f1or. El Dr. Jura Yanagihara, Presidente de la AWF, habl\u00f3 sobre el tema \u201cUna Naci\u00f3n Santa Llamada a Bendecir a Todas las Naciones\u201d, hablando sobre el ministerio presente y futuro de la Confraternidad Mundial de la Alianza.<\/p>\n<p>&nbsp;<\/p>\n<p style=\"text-align: left;\">&nbsp;<\/p>\n<figure id=\"attachment_24396\" aria-describedby=\"caption-attachment-24396\" style=\"width: 300px\" class=\"wp-caption alignright\"><img loading=\"lazy\" decoding=\"async\" class=\"size-medium wp-image-24396\" src=\"http:\/\/awf.world\/wp-content\/uploads\/2019\/11\/PK_50950-300x171.jpeg\" alt=\"\" width=\"300\" height=\"171\" srcset=\"https:\/\/awf.world\/wp-content\/uploads\/2019\/11\/PK_50950-300x171.jpeg 300w, https:\/\/awf.world\/wp-content\/uploads\/2019\/11\/PK_50950-768x438.jpeg 768w, https:\/\/awf.world\/wp-content\/uploads\/2019\/11\/PK_50950-1024x583.jpeg 1024w, https:\/\/awf.world\/wp-content\/uploads\/2019\/11\/PK_50950.jpeg 1500w\" sizes=\"auto, (max-width: 300px) 100vw, 300px\" \/><figcaption id=\"caption-attachment-24396\" class=\"wp-caption-text\">El Presidente de CLA, David Muthre<\/figcaption><\/figure>\n<p>El Presidente David Muthre y el Tesorero Ing. Luis Moreno mostraron los informes de la Asamblea CLA de todo el trabajo realizado desde 2018 hasta el presente, y tambi\u00e9n los acuerdos y firmas de las Iglesias Nacionales con CLA.<\/p>\n<p>El evento cont\u00f3 con la participaci\u00f3n de 135 personas pertenecientes a las delegaciones de Argentina, Bolivia, Brasil, Canad\u00e1, Chile, Colombia, Costa Rica, Ecuador, El Salvador, Guatemala, Honduras, M\u00e9xico, Nicaragua, Paraguay, Per\u00fa, Estados Unidos, entre otros.<\/p>\n<p>Se realizaron varios talleres en el \u00e1rea de Misiones, Educaci\u00f3n Teol\u00f3gica (FATELA), Ministerio con Mujeres, J\u00f3venes y Ni\u00f1os, y Multiplicaci\u00f3n de Iglesias. Cada uno de estos talleres simult\u00e1neos fueron desa\ufb01antes para el liderazgo eclesial de Am\u00e9rica Latina, mostrando una realidad m\u00e1s amplia a trav\u00e9s de informes del trabajo realizado y el prop\u00f3sito que se debe cumplir.<\/p>\n<p>Agradecemos al Se\u00f1or por Su gracia y respaldo para todo el desarrollo de la Asamblea, Simposio y Congreso Misionero de CLA 2019. Un agradecimiento especial a la familia Alianza de Guatemala que fueron los gratos an\ufb01triones por esta ocasi\u00f3n, a todas las delegaciones y liderazgo latinoamericano que se hizo presente, a los expositores de las plenarias, predicaciones, talleres e intervenciones en general, gracias por su valioso servicio.<\/p>\n<p>Hoy podemos decir que seguimos avanzando con gozo y esfuerzo, encaminados en la Misi\u00f3n de Cristo para con Su Iglesia, trabajando \ufb01rmemente en sembrar la preciosa semilla del Evangelio, donde Cristo no haya sido a\u00fan conocido, manteniendo nuestros ojos en Jes\u00fas, el Autor y Consumador de nuestra fe. \u201cA \u00c9l sea la gloria eternamente\u201d.<\/p>\n","protected":false},"author":24,"featured_media":24384,"template":"","meta":{"inline_featured_image":false,"ngg_post_thumbnail":0,"_EventAllDay":false,"_EventTimezone":"","_EventStartDate":"","_EventEndDate":"","_EventStartDateUTC":"","_EventEndDateUTC":"","_EventShowMap":false,"_EventShowMapLink":false,"_EventURL":"","_EventCost":"","_EventCostDescription":"","_EventCurrencySymbol":"","_EventCurrencyCode":"","_EventCurrencyPosition":"","_EventDateTimeSeparator":"","_EventTimeRangeSeparator":"","_EventOrganizerID":[],"_EventVenueID":[],"_OrganizerEmail":"","_OrganizerPhone":"","_OrganizerWebsite":"","_VenueAddress":"","_VenueCity":"","_VenueCountry":"","_VenueProvince":"","_VenueState":"","_VenueZip":"","_VenuePhone":"","_VenueURL":"","_VenueStateProvince":"","_VenueLat":"","_VenueLng":"","_VenueShowMap":false,"_VenueShowMapLink":false},"categories":[99,34],"tags":[231,232,633,209,205,207],"class_list":["post-24401","awf-news","type-awf-news","status-publish","has-post-thumbnail","hentry","category-latin-america-es","category-news-es","tag-cla-es","tag-educacion-teologica","tag-fatela-es","tag-america-latina","tag-liderazgo","tag-misiones"],"_links":{"self":[{"href":"https:\/\/awf.world\/es\/wp-json\/wp\/v2\/awf-news\/24401","targetHints":{"allow":["GET"]}}],"collection":[{"href":"https:\/\/awf.world\/es\/wp-json\/wp\/v2\/awf-news"}],"about":[{"href":"https:\/\/awf.world\/es\/wp-json\/wp\/v2\/types\/awf-news"}],"author":[{"embeddable":true,"href":"https:\/\/awf.world\/es\/wp-json\/wp\/v2\/users\/24"}],"wp:featuredmedia":[{"embeddable":true,"href":"https:\/\/awf.world\/es\/wp-json\/wp\/v2\/media\/24384"}],"wp:attachment":[{"href":"https:\/\/awf.world\/es\/wp-json\/wp\/v2\/media?parent=24401"}],"wp:term":[{"taxonomy":"category","embeddable":true,"href":"https:\/\/awf.world\/es\/wp-json\/wp\/v2\/categories?post=24401"},{"taxonomy":"post_tag","embeddable":true,"href":"https:\/\/awf.world\/es\/wp-json\/wp\/v2\/tags?post=24401"}],"curies":[{"name":"wp","href":"https:\/\/api.w.org\/{rel}","templated":true}]}}