{"id":24398,"date":"2019-11-14T09:58:57","date_gmt":"2019-11-14T14:58:57","guid":{"rendered":"http:\/\/awf.world\/awf-news\/japon-es-el-foco-del-liderazgo-de-la-awf-apac-durante-el-encuentro-en-hiroshima\/"},"modified":"2019-11-14T14:46:14","modified_gmt":"2019-11-14T19:46:14","slug":"japon-es-el-foco-del-liderazgo-de-la-awf-apac-durante-el-encuentro-en-hiroshima","status":"publish","type":"awf-news","link":"https:\/\/awf.world\/es\/awf-news\/japon-es-el-foco-del-liderazgo-de-la-awf-apac-durante-el-encuentro-en-hiroshima\/","title":{"rendered":"Jap\u00f3n es el Foco del Liderazgo de la AWF-APAC durante el Encuentro en Hiroshima"},"content":{"rendered":"<h3 style=\"text-align: justify;\">El liderazgo de la AWF-APAC (Regi\u00f3n Asia-Pac\u00edfico) eligi\u00f3 a Jap\u00f3n como su lugar de reuni\u00f3n para alentar a la centenaria Iglesia Alianza de Jap\u00f3n a continuar compartiendo a Jesucristo en este pa\u00eds. Jap\u00f3n est\u00e1 totalmente abierto a la obra misionera, pero a\u00fan tiene una poblaci\u00f3n de menos del 0.5% de cristianos evang\u00e9licos y una tasa de crecimiento evang\u00e9lico anual de -0.4%.<\/h3>\n<figure id=\"attachment_24376\" aria-describedby=\"caption-attachment-24376\" style=\"width: 300px\" class=\"wp-caption alignleft\"><img loading=\"lazy\" decoding=\"async\" class=\"size-medium wp-image-24376\" src=\"http:\/\/awf.world\/wp-content\/uploads\/2019\/11\/Japan-Alliance-Meeting_2019-101-e1573760626405-300x229.jpg\" alt=\"\" width=\"300\" height=\"229\" srcset=\"https:\/\/awf.world\/wp-content\/uploads\/2019\/11\/Japan-Alliance-Meeting_2019-101-e1573760626405-300x229.jpg 300w, https:\/\/awf.world\/wp-content\/uploads\/2019\/11\/Japan-Alliance-Meeting_2019-101-e1573760626405.jpg 628w\" sizes=\"auto, (max-width: 300px) 100vw, 300px\" \/><figcaption id=\"caption-attachment-24376\" class=\"wp-caption-text\">AWF RCC APAC (Comit\u00e9 Coordinador Regional)<\/figcaption><\/figure>\n<p>La reciente reuni\u00f3n del RCC APAC (Comit\u00e9 Coordinador Regional), que se celebr\u00f3 en Hiroshima del 8 al 11 de octubre de 2019, concluy\u00f3 con un plan de acci\u00f3n para 2020:<\/p>\n<ul>\n<li>Organice el Seminario de Pr\u00e1ctica Distintiva y Contextual de la Alianza (20-24 de abril), en Bangkok, Tailandia.<\/li>\n<li>Organice un viaje exploratorio a Bangladesh (15-18 de abril) para futuros trabajos de la ACyM.<\/li>\n<li>Invitar a todos los directores de misiones de la Regi\u00f3n APAC a unirse a la Consulta de Misiones Mundiales de la AWF (19 de octubre) en Guayaquil, Ecuador, antes de la Convocatoria Cuadrienal de la AWF.<\/li>\n<\/ul>\n<p>Una reuni\u00f3n conjunta del RCC APAC y del liderazgo de la Iglesia Alianza de Jap\u00f3n el 10 de octubre, comparti\u00f3 preocupaciones sobre la evangelizaci\u00f3n y el crecimiento de la iglesia en Jap\u00f3n y c\u00f3mo la conexi\u00f3n con la familia global de la Alianza puede abrir nuevas oportunidades ministeriales. Hay 27 iglesias de la di\u00e1spora de la Alianza entre filipinos, latinos y personas de otros pa\u00edses asi\u00e1ticos que viven en Jap\u00f3n. Algunos de ellos comenzaron hace casi 30 a\u00f1os y se encuentran en una etapa avanzada de asimilaci\u00f3n, lo que significa que las generaciones m\u00e1s j\u00f3venes hablan japon\u00e9s con fluidez. Los j\u00f3venes de estas iglesias est\u00e1n ansiosos por servir en Jap\u00f3n, y algunos de ellos ya est\u00e1n estudiando la Biblia y teolog\u00eda en reconocidos seminarios evang\u00e9licos.<\/p>\n<figure id=\"attachment_24379\" aria-describedby=\"caption-attachment-24379\" style=\"width: 300px\" class=\"wp-caption alignright\"><img loading=\"lazy\" decoding=\"async\" class=\"size-medium wp-image-24379\" src=\"http:\/\/awf.world\/wp-content\/uploads\/2019\/11\/Japan-Alliance-Meeting_2019-102-300x142.jpg\" alt=\"\" width=\"300\" height=\"142\" srcset=\"https:\/\/awf.world\/wp-content\/uploads\/2019\/11\/Japan-Alliance-Meeting_2019-102-300x142.jpg 300w, https:\/\/awf.world\/wp-content\/uploads\/2019\/11\/Japan-Alliance-Meeting_2019-102-768x364.jpg 768w, https:\/\/awf.world\/wp-content\/uploads\/2019\/11\/Japan-Alliance-Meeting_2019-102-1024x485.jpg 1024w, https:\/\/awf.world\/wp-content\/uploads\/2019\/11\/Japan-Alliance-Meeting_2019-102.jpg 1152w\" sizes=\"auto, (max-width: 300px) 100vw, 300px\" \/><figcaption id=\"caption-attachment-24379\" class=\"wp-caption-text\">Reuni\u00f3n conjunta del RCC APAC y del liderazgo de la Iglesia Alianza de Jap\u00f3n<\/figcaption><\/figure>\n<p>Despu\u00e9s de la reuni\u00f3n del Comit\u00e9 RCC APAC en Hiroshima, el Presidente Jura Yanagihara y el Coordinador Regional de AWF-APAC, Roland Lumawag, viajaron a Tokio el 15 de octubre para reunirse con los pastores de la Red de la Iglesia de la Misi\u00f3n Aliancista japonesa y la Iglesia Alianza japonesa para comuni\u00f3n y aliento. Durante su presentaci\u00f3n sobre la Confraternidad Mundial de la Alianza, el Presidente Jura enfatiz\u00f3 al grupo el concepto de la verdadera familia Aliancista, y se\u00f1al\u00f3 las posibles v\u00edas para la futura colaboraci\u00f3n ministerial. Los pastores de ambos grupos podr\u00edan compartir sus desaf\u00edos ministeriales y tener tiempo para el aliento mutuo y la oraci\u00f3n. La reuni\u00f3n termin\u00f3 con un sentido de pertenencia, dejando una atm\u00f3sfera de esperanza en el Se\u00f1or por Sus bendiciones en Su ministerio a trav\u00e9s de la vida de nuestros obreros japoneses.<\/p>\n<p>Los miembros del RCC APAC tambi\u00e9n fueron bendecidos y alentados por la amable y generosa hospitalidad de la Iglesia Alianza japonesa a trav\u00e9s del liderazgo del reverendo Shinobu Tanaka y su equipo. Queremos expresar nuestra profunda alegr\u00eda y aprecio a todos ellos.<\/p>\n","protected":false},"author":24,"featured_media":24373,"template":"","meta":{"inline_featured_image":false,"ngg_post_thumbnail":0,"_EventAllDay":false,"_EventTimezone":"","_EventStartDate":"","_EventEndDate":"","_EventStartDateUTC":"","_EventEndDateUTC":"","_EventShowMap":false,"_EventShowMapLink":false,"_EventURL":"","_EventCost":"","_EventCostDescription":"","_EventCurrencySymbol":"","_EventCurrencyCode":"","_EventCurrencyPosition":"","_EventDateTimeSeparator":"","_EventTimeRangeSeparator":"","_EventOrganizerID":[],"_EventVenueID":[],"_OrganizerEmail":"","_OrganizerPhone":"","_OrganizerWebsite":"","_VenueAddress":"","_VenueCity":"","_VenueCountry":"","_VenueProvince":"","_VenueState":"","_VenueZip":"","_VenuePhone":"","_VenueURL":"","_VenueStateProvince":"","_VenueLat":"","_VenueLng":"","_VenueShowMap":false,"_VenueShowMapLink":false},"categories":[106,34],"tags":[199,630,205,207],"class_list":["post-24398","awf-news","type-awf-news","status-publish","has-post-thumbnail","hentry","category-apac-es","category-news-es","tag-apac-es","tag-japon","tag-liderazgo","tag-misiones"],"_links":{"self":[{"href":"https:\/\/awf.world\/es\/wp-json\/wp\/v2\/awf-news\/24398","targetHints":{"allow":["GET"]}}],"collection":[{"href":"https:\/\/awf.world\/es\/wp-json\/wp\/v2\/awf-news"}],"about":[{"href":"https:\/\/awf.world\/es\/wp-json\/wp\/v2\/types\/awf-news"}],"author":[{"embeddable":true,"href":"https:\/\/awf.world\/es\/wp-json\/wp\/v2\/users\/24"}],"wp:featuredmedia":[{"embeddable":true,"href":"https:\/\/awf.world\/es\/wp-json\/wp\/v2\/media\/24373"}],"wp:attachment":[{"href":"https:\/\/awf.world\/es\/wp-json\/wp\/v2\/media?parent=24398"}],"wp:term":[{"taxonomy":"category","embeddable":true,"href":"https:\/\/awf.world\/es\/wp-json\/wp\/v2\/categories?post=24398"},{"taxonomy":"post_tag","embeddable":true,"href":"https:\/\/awf.world\/es\/wp-json\/wp\/v2\/tags?post=24398"}],"curies":[{"name":"wp","href":"https:\/\/api.w.org\/{rel}","templated":true}]}}