{"id":23951,"date":"2019-09-09T15:19:32","date_gmt":"2019-09-09T18:19:32","guid":{"rendered":"http:\/\/awf.world\/awf-news\/los-jovenes-de-dios-unidos-en-africa\/"},"modified":"2019-09-25T10:27:24","modified_gmt":"2019-09-25T13:27:24","slug":"los-jovenes-de-dios-unidos-en-africa","status":"publish","type":"awf-news","link":"https:\/\/awf.world\/es\/awf-news\/los-jovenes-de-dios-unidos-en-africa\/","title":{"rendered":"J\u00f3venes Cristianos Unidos en \u00c1frica"},"content":{"rendered":"<h3 style=\"text-align: justify;\">La Uni\u00f3n Africana de J\u00f3venes de la Alianza se reuni\u00f3 en agosto para su Congreso Bienal. El evento reuni\u00f3 a m\u00e1s de 1.300 j\u00f3venes, que compartieron y aprendieron sobre los fundamentos de nuestra fe y lo que Dios quiere que Su pueblo justo haga. Que Dios sigue bendiciendo este movimiento, sus l\u00edderes y participantes.<\/h3>\n<p>La Uni\u00f3n de J\u00f3venes de la Alianza Cristiana y Misionera de Burkina Faso, Costa de Marfil, Gab\u00f3n, Guinea, Mal\u00ed, Rep\u00fablica Democr\u00e1tica del Congo y la Rep\u00fablica del Congo, celebr\u00f3 su 14\u00ba Congreso Bienal del 12 al 19 de agosto de 2019, en el distrito de Akanda, en Libreville, Gab\u00f3n. Asistieron m\u00e1s de 1.300 personas, marcando el 28\u00b0 a\u00f1o de este movimiento que comenz\u00f3 en agosto de 1991.<\/p>\n<p>El reverendo Jean Paul Bouessi de Gab\u00f3n desarroll\u00f3 el tema central del Salmo 11:3: \u201cSi son destruidos los fundamentos, \u00bfqu\u00e9 puede hacer el justo?\u201d El reverendo Armand Serge Yao de la Costa de Marfil habl\u00f3 sobre \u201cMantener los Fundamentos para Influir en el Mundo\u201d, centr\u00e1ndose en los fundamentos de la ACyM seg\u00fan la predicaci\u00f3n de A.B. Simpson. Otro expositor, el reverendo Daouda Zonou de Mali, desarroll\u00f3 el tema \u201cMi Justo Vivir\u00e1 por Fe\u201d, usando Hebreos 10:38 como texto. Finalmente, el reverendo Samuel Kondano de Guinea habl\u00f3 sobre el \u201cPlan de Dios para el Matrimonio.\u201d<\/p>\n<p>Las sesiones de meditaci\u00f3n enriquecieron la vida de los j\u00f3venes. Ellos organizaron un paseo evangel\u00edstico el viernes por la tarde, y muchos fueron tocados por nuestro Se\u00f1or Jes\u00fas y se convirtieron. Muchos dijeron que los j\u00f3venes fueron alimentados por la Palabra de Dios, creando una relaci\u00f3n m\u00e1s fuerte entre ellos y con \u00c9l. Tambi\u00e9n hubo alabanzas y adoraci\u00f3n, y discusiones b\u00edblicas.<\/p>\n<p>El evento fue organizado por la Juventud de Gab\u00f3n, con el apoyo del presidente de la Junta Directiva y miembros de la Junta Ejecutiva. El pr\u00f3ximo congreso, que celebrar\u00e1 el 30 aniversario del movimiento, se celebrar\u00e1 en Bobo-Dioulasso, Burkina Faso.<\/p>\n<p>Por favor ora por la finalizaci\u00f3n de la construcci\u00f3n de la sede a tiempo para el pr\u00f3ximo evento. Adem\u00e1s, ora por la continuidad y el vigor de este movimiento.<\/p>\n","protected":false},"author":24,"featured_media":23950,"template":"","meta":{"inline_featured_image":false,"ngg_post_thumbnail":0,"_EventAllDay":false,"_EventTimezone":"","_EventStartDate":"","_EventEndDate":"","_EventStartDateUTC":"","_EventEndDateUTC":"","_EventShowMap":false,"_EventShowMapLink":false,"_EventURL":"","_EventCost":"","_EventCostDescription":"","_EventCurrencySymbol":"","_EventCurrencyCode":"","_EventCurrencyPosition":"","_EventDateTimeSeparator":"","_EventTimeRangeSeparator":"","_EventOrganizerID":[],"_EventVenueID":[],"_OrganizerEmail":"","_OrganizerPhone":"","_OrganizerWebsite":"","_VenueAddress":"","_VenueCity":"","_VenueCountry":"","_VenueProvince":"","_VenueState":"","_VenueZip":"","_VenuePhone":"","_VenueURL":"","_VenueStateProvince":"","_VenueLat":"","_VenueLng":"","_VenueShowMap":false,"_VenueShowMapLink":false},"categories":[285,34],"tags":[279,323],"class_list":["post-23951","awf-news","type-awf-news","status-publish","has-post-thumbnail","hentry","category-africa-es","category-news-es","tag-africa-es","tag-ministerio-de-jovenes"],"_links":{"self":[{"href":"https:\/\/awf.world\/es\/wp-json\/wp\/v2\/awf-news\/23951","targetHints":{"allow":["GET"]}}],"collection":[{"href":"https:\/\/awf.world\/es\/wp-json\/wp\/v2\/awf-news"}],"about":[{"href":"https:\/\/awf.world\/es\/wp-json\/wp\/v2\/types\/awf-news"}],"author":[{"embeddable":true,"href":"https:\/\/awf.world\/es\/wp-json\/wp\/v2\/users\/24"}],"wp:featuredmedia":[{"embeddable":true,"href":"https:\/\/awf.world\/es\/wp-json\/wp\/v2\/media\/23950"}],"wp:attachment":[{"href":"https:\/\/awf.world\/es\/wp-json\/wp\/v2\/media?parent=23951"}],"wp:term":[{"taxonomy":"category","embeddable":true,"href":"https:\/\/awf.world\/es\/wp-json\/wp\/v2\/categories?post=23951"},{"taxonomy":"post_tag","embeddable":true,"href":"https:\/\/awf.world\/es\/wp-json\/wp\/v2\/tags?post=23951"}],"curies":[{"name":"wp","href":"https:\/\/api.w.org\/{rel}","templated":true}]}}