{"id":23671,"date":"2019-08-14T11:28:31","date_gmt":"2019-08-14T16:28:31","guid":{"rendered":"http:\/\/awf.world\/awf-news\/congreso-de-mujeres-amada-4-en-ecuador\/"},"modified":"2020-02-05T09:18:37","modified_gmt":"2020-02-05T14:18:37","slug":"congreso-de-mujeres-amada-4-en-ecuador","status":"publish","type":"awf-news","link":"https:\/\/awf.world\/es\/awf-news\/congreso-de-mujeres-amada-4-en-ecuador\/","title":{"rendered":"Congreso de Mujeres \u201cAmada 4\u201d en Ecuador"},"content":{"rendered":"<h3 style=\"text-align: justify;\">Con la participaci\u00f3n de 512 mujeres del continente latinoamericano, se desarroll\u00f3 el Congreso de Mujeres \u201cAMADA 4\u201d, con el tema: \u201cCuidando el Coraz\u00f3n de una Mujer\u201d, el evento m\u00e1s grande de la comunidad aliancista femenina, efectuado del 24 al 27 de julio, en Iglesia Alianza Central de la ciudad de Milagro, Ecuador.<\/h3>\n<p><img loading=\"lazy\" decoding=\"async\" class=\"size-medium wp-image-23659 alignright\" src=\"http:\/\/awf.world\/wp-content\/uploads\/2019\/08\/Women-Congress_Ecuador_2019-072-300x200.jpg\" alt=\"\" width=\"300\" height=\"200\" srcset=\"https:\/\/awf.world\/wp-content\/uploads\/2019\/08\/Women-Congress_Ecuador_2019-072-300x200.jpg 300w, https:\/\/awf.world\/wp-content\/uploads\/2019\/08\/Women-Congress_Ecuador_2019-072-768x512.jpg 768w, https:\/\/awf.world\/wp-content\/uploads\/2019\/08\/Women-Congress_Ecuador_2019-072-1024x683.jpg 1024w, https:\/\/awf.world\/wp-content\/uploads\/2019\/08\/Women-Congress_Ecuador_2019-072-272x182.jpg 272w, https:\/\/awf.world\/wp-content\/uploads\/2019\/08\/Women-Congress_Ecuador_2019-072.jpg 1500w\" sizes=\"auto, (max-width: 300px) 100vw, 300px\" \/><\/p>\n<p>El programa conglomer\u00f3 a varias visitantes de pa\u00edses como Per\u00fa, con 130 participantes, la cual fue la delegaci\u00f3n de mayor cantidad, en tanto que Chile, Argentina, Colombia, Brasil, Bolivia y Ecuador, tambi\u00e9n se sumaron a la asistencia.<\/p>\n<p>El culto inaugural del mi\u00e9rcoles 24 de julio, estuvo acompa\u00f1ado por j\u00f3venes de la ACyM Milagro, las cuales dieron una c\u00e1lida bienvenida a todas las asistentes, portando diversos trajes t\u00edpicos propios de la cultura del Ecuador y a su vez obsequiaron una rosa a todas las delegaciones presentes. Asimismo, hubieron participaciones especiales, mientras que la meditaci\u00f3n de la Palabra de Dios estuvo expuesta por el Pst. David Muthre, Presidente de CLA, quien enfatiz\u00f3 acerca del coraz\u00f3n de una mujer virtuosa y su influencia en la sociedad a trav\u00e9s de construir hogares saludables en Cristo, as\u00ed se dio apertura al Congreso.<\/p>\n<figure id=\"attachment_23679\" aria-describedby=\"caption-attachment-23679\" style=\"width: 168px\" class=\"wp-caption alignleft\"><img loading=\"lazy\" decoding=\"async\" class=\"wp-image-23679 size-medium\" src=\"http:\/\/awf.world\/wp-content\/uploads\/2019\/08\/Women-Congress_Ecuador_2019-0716-168x300.jpg\" alt=\"\" width=\"168\" height=\"300\" srcset=\"https:\/\/awf.world\/wp-content\/uploads\/2019\/08\/Women-Congress_Ecuador_2019-0716-168x300.jpg 168w, https:\/\/awf.world\/wp-content\/uploads\/2019\/08\/Women-Congress_Ecuador_2019-0716-574x1024.jpg 574w, https:\/\/awf.world\/wp-content\/uploads\/2019\/08\/Women-Congress_Ecuador_2019-0716.jpg 718w\" sizes=\"auto, (max-width: 168px) 100vw, 168px\" \/><figcaption id=\"caption-attachment-23679\" class=\"wp-caption-text\">La expositora principal Catalina Moscoso<\/figcaption><\/figure>\n<p>\u201cAMADA\u201d, cont\u00f3 nuevamente con la presencia de la hermana Catalina Moscoso de Colombia, como conferencista principal y a cargo de las dem\u00e1s plenarias estuvieron las hermanas Isabel Muthre de Ecuador y Marlene Chiang de Per\u00fa. Al mismo tiempo se llevaron a cabo cuatro talleres simult\u00e1neos, bajo la exposici\u00f3n de las hermanas Isabel Mancini de Argentina, Nadia Arias de Chile, Rosa P\u00e9rez y Sara Cort\u00e1zar de Per\u00fa, quienes abordaron tem\u00e1ticas referentes a problemas sociales de actualidad, haciendo un an\u00e1lisis pertinente con respaldos cient\u00edficos y planteando soluciones a la luz de la Palabra de Dios.<\/p>\n<figure id=\"attachment_23665\" aria-describedby=\"caption-attachment-23665\" style=\"width: 201px\" class=\"wp-caption alignright\"><img loading=\"lazy\" decoding=\"async\" class=\" wp-image-23665\" src=\"http:\/\/awf.world\/wp-content\/uploads\/2019\/08\/Women-Congress_Ecuador_2019-074-300x200.jpg\" alt=\"\" width=\"201\" height=\"134\" srcset=\"https:\/\/awf.world\/wp-content\/uploads\/2019\/08\/Women-Congress_Ecuador_2019-074-300x200.jpg 300w, https:\/\/awf.world\/wp-content\/uploads\/2019\/08\/Women-Congress_Ecuador_2019-074-768x512.jpg 768w, https:\/\/awf.world\/wp-content\/uploads\/2019\/08\/Women-Congress_Ecuador_2019-074-1024x683.jpg 1024w, https:\/\/awf.world\/wp-content\/uploads\/2019\/08\/Women-Congress_Ecuador_2019-074-272x182.jpg 272w, https:\/\/awf.world\/wp-content\/uploads\/2019\/08\/Women-Congress_Ecuador_2019-074.jpg 1500w\" sizes=\"auto, (max-width: 201px) 100vw, 201px\" \/><figcaption id=\"caption-attachment-23665\" class=\"wp-caption-text\">Mami Yanagihara<\/figcaption><\/figure>\n<p>\u201cFue un precioso tiempo con la iglesia de Ecuador y del continente Latinoamericano, en que juntas o\u00edmos de una manera clara y B\u00edblica temas oportunos de hoy, as\u00ed como disponer nuestro coraz\u00f3n delante del Se\u00f1or, a m\u00e1s del amor de los ecuatorianos que fue algo muy impactante para nuestras vidas\u201d, menciona la hermana Mami Yanagihara, esposa del Pst. Jura Yanagihara, Presidente de la Alianza Mundial.<\/p>\n<p><img loading=\"lazy\" decoding=\"async\" class=\"alignleft size-medium wp-image-23668\" src=\"http:\/\/awf.world\/wp-content\/uploads\/2019\/08\/Women-Congress_Ecuador_2019-078-300x200.jpg\" alt=\"\" width=\"300\" height=\"200\" srcset=\"https:\/\/awf.world\/wp-content\/uploads\/2019\/08\/Women-Congress_Ecuador_2019-078-300x200.jpg 300w, https:\/\/awf.world\/wp-content\/uploads\/2019\/08\/Women-Congress_Ecuador_2019-078-768x512.jpg 768w, https:\/\/awf.world\/wp-content\/uploads\/2019\/08\/Women-Congress_Ecuador_2019-078-1024x683.jpg 1024w, https:\/\/awf.world\/wp-content\/uploads\/2019\/08\/Women-Congress_Ecuador_2019-078-272x182.jpg 272w, https:\/\/awf.world\/wp-content\/uploads\/2019\/08\/Women-Congress_Ecuador_2019-078.jpg 1500w\" sizes=\"auto, (max-width: 300px) 100vw, 300px\" \/><\/p>\n<p>Fueron ambientes edificantes los que disfrutaron cada una de las asistentes, tiempo en los cuales pudieron fraternizar e intercambiar experiencias y aprendizajes en conjunto, donde Dios habl\u00f3 de manera particular a las visitantes, gozando tambi\u00e9n de la gastronom\u00eda ecuatoriana.<\/p>\n<p>La hermana Jes\u00fas S\u00e1nchez Gonz\u00e1lez de la Alianza Per\u00fa comenta: \u201cHe tenido la oportunidad de asistir a otros programas de Amada y este ha sido uno de los mejores. Temas como: la sexualidad y maltrato en la mujer, la feminidad evalu\u00e1ndola desde un panorama actual, fueron t\u00f3picos edificantes para nuestro coraz\u00f3n y en Per\u00fa estamos muy animadas en no quedarnos con las ense\u00f1anzas, sino replicarlas en todas las iglesias del pa\u00eds.\u201d<\/p>\n<p>Asimismo, la hermana Mabel Molina, acot\u00f3: \u201cDesde que supe que habr\u00eda Amada 4 en Ecuador, creci\u00f3 en m\u00ed el deseo de ser parte. Antes de poner mi pie en el avi\u00f3n que me llevar\u00eda hasta Guayaquil comenc\u00e9 a disfrutar de lo que Dios ten\u00eda preparado. La unidad con mis hermanas de Chile que tambi\u00e9n estaban prepar\u00e1ndose, y el recibimiento en Milagro fue maravilloso, la calidez de los hermanos hace todo a\u00fan mejor. Fue muy especial comprobar toda la preparaci\u00f3n de una iglesia que con tanto cari\u00f1o se esforz\u00f3 para recibirnos lo mejor que pudo. Por otra parte, la Palabra del Se\u00f1or hablando tan claramente y temas contingentes a los que nos enfrentamos en cada una de nuestras realidades. Son muchas las ense\u00f1anzas recogidas, a\u00fan me encuentro digiriendo todo lo ense\u00f1ado por Dios, un regalo maravilloso en donde realmente me sent\u00ed Amada\u201d, finaliza.<\/p>\n<p>Para el viernes 26 de julio, en medio de danzas folcl\u00f3ricas e intervenciones generales, se mostr\u00f3 la cultura de los pa\u00edses visitantes de Am\u00e9rica Latina, donde se dio un ambiente de gran regocijo en el Se\u00f1or. Finalmente, el s\u00e1bado 27 de julio, se realiz\u00f3 el programa de clausura, donde cada asistente al evento pudo recibir como obsequio la foto oficial \u201cAMADA 4\u2013Ecuador\u201d, a m\u00e1s de dar sombreros aut\u00f3ctonos personalizados como un reconocimiento por parte de CLA a las expositoras internacionales, en retribuci\u00f3n a su esfuerzo y labor.<\/p>\n<p>\u201cAMADA 4\u201d fue un tiempo de refrigerio y renuevo espiritual, donde Cristo fue glorificado grandemente, edificando la vida de nuestras queridas hermanas de la familia de la Alianza Cristiana y Misionera en Latinoam\u00e9rica. Agradecemos a nuestro buen Dios por todo lo vivido y por permitirnos ver Su poderoso accionar en corazones rendidos a Sus pies.<\/p>\n","protected":false},"author":24,"featured_media":23658,"template":"","meta":{"inline_featured_image":false,"ngg_post_thumbnail":0,"_EventAllDay":false,"_EventTimezone":"","_EventStartDate":"","_EventEndDate":"","_EventStartDateUTC":"","_EventEndDateUTC":"","_EventShowMap":false,"_EventShowMapLink":false,"_EventURL":"","_EventCost":"","_EventCostDescription":"","_EventCurrencySymbol":"","_EventCurrencyCode":"","_EventCurrencyPosition":"","_EventDateTimeSeparator":"","_EventTimeRangeSeparator":"","_EventOrganizerID":[],"_EventVenueID":[],"_OrganizerEmail":"","_OrganizerPhone":"","_OrganizerWebsite":"","_VenueAddress":"","_VenueCity":"","_VenueCountry":"","_VenueProvince":"","_VenueState":"","_VenueZip":"","_VenuePhone":"","_VenueURL":"","_VenueStateProvince":"","_VenueLat":"","_VenueLng":"","_VenueShowMap":false,"_VenueShowMapLink":false},"categories":[99,34],"tags":[231,209,267],"class_list":["post-23671","awf-news","type-awf-news","status-publish","has-post-thumbnail","hentry","category-latin-america-es","category-news-es","tag-cla-es","tag-america-latina","tag-ministerio-de-mujeres"],"_links":{"self":[{"href":"https:\/\/awf.world\/es\/wp-json\/wp\/v2\/awf-news\/23671","targetHints":{"allow":["GET"]}}],"collection":[{"href":"https:\/\/awf.world\/es\/wp-json\/wp\/v2\/awf-news"}],"about":[{"href":"https:\/\/awf.world\/es\/wp-json\/wp\/v2\/types\/awf-news"}],"author":[{"embeddable":true,"href":"https:\/\/awf.world\/es\/wp-json\/wp\/v2\/users\/24"}],"wp:featuredmedia":[{"embeddable":true,"href":"https:\/\/awf.world\/es\/wp-json\/wp\/v2\/media\/23658"}],"wp:attachment":[{"href":"https:\/\/awf.world\/es\/wp-json\/wp\/v2\/media?parent=23671"}],"wp:term":[{"taxonomy":"category","embeddable":true,"href":"https:\/\/awf.world\/es\/wp-json\/wp\/v2\/categories?post=23671"},{"taxonomy":"post_tag","embeddable":true,"href":"https:\/\/awf.world\/es\/wp-json\/wp\/v2\/tags?post=23671"}],"curies":[{"name":"wp","href":"https:\/\/api.w.org\/{rel}","templated":true}]}}