{"id":23642,"date":"2019-08-08T11:24:00","date_gmt":"2019-08-08T14:24:00","guid":{"rendered":"http:\/\/awf.world\/awf-news\/la-alianza-en-angola-se-expande-al-continente\/"},"modified":"2019-08-08T11:24:00","modified_gmt":"2019-08-08T14:24:00","slug":"la-alianza-en-angola-se-expande-al-continente","status":"publish","type":"awf-news","link":"https:\/\/awf.world\/es\/awf-news\/la-alianza-en-angola-se-expande-al-continente\/","title":{"rendered":"La Alianza en Angola se expande al \u201ccontinente\u201d"},"content":{"rendered":"<h3 style=\"text-align: justify;\">La \u00fanica Iglesia Nacional de la Alianza de habla portuguesa en \u00c1frica, la ICAA (Igreja Crist\u00e3 de Alian\u00e7a em Angola) se concentra en la provincia rica en petr\u00f3leo de Cabinda, pero planea expandir su presencia en el \u201ccontinente\u201d de Angola, plantando nuevas iglesias en las provincias de Malanje, Moxico y Zaire.<\/h3>\n<p>Los primeros misioneros de la Alianza Cristiana y Misionera en los Estados Unidos llegaron a Angola el 4 de febrero de 1885 y establecieron la misi\u00f3n llamada Misi\u00f3n Evang\u00e9lica de Mboca. A partir de eso, una obra fundada en 1907 por el reverendo Elmer E. Christ fue reconocida oficialmente por el gobierno portugu\u00e9s el 21 de junio de 1910, y en marzo de 1914 se bautizaron tres de los primeros conversos: Maria Muendo, Jo\u00e3o Yedo y David Macosso. Macosso se convertir\u00eda en el primer pastor de la obra misional de la iglesia, y el 31 de julio de 1931, la iglesia angole\u00f1a recibi\u00f3 la autonom\u00eda de la Alianza Cristiana y Misionera.<\/p>\n<p>Durante la guerra de independencia de los portugueses, gran parte de la poblaci\u00f3n, y tambi\u00e9n los misioneros, abandonaron Angola y la regi\u00f3n. Esto afect\u00f3 significativamente a la iglesia local, y los edificios de la iglesia fueron destruidos. Pero despu\u00e9s de la guerra, la iglesia se restableci\u00f3 y el 26 de marzo de 1998, la ICAA (Igreja Crist\u00e3 de Alian\u00e7a em Angola) se convirti\u00f3 en miembro de la Confraternidad Mundial de la Alianza. Recibi\u00f3 reconocimiento legal por parte del gobierno de Angola el 14 de febrero de 1992. Actualmente, su presidente y representante legal es el reverendo Alberto Nguala.<\/p>\n<figure id=\"attachment_23626\" aria-describedby=\"caption-attachment-23626\" style=\"width: 300px\" class=\"wp-caption alignright\"><img loading=\"lazy\" decoding=\"async\" class=\"size-medium wp-image-23626\" src=\"http:\/\/awf.world\/wp-content\/uploads\/2019\/08\/Angola_Destruction-Mboca-Mission2-300x170.jpg\" alt=\"\" width=\"300\" height=\"170\" srcset=\"https:\/\/awf.world\/wp-content\/uploads\/2019\/08\/Angola_Destruction-Mboca-Mission2-300x170.jpg 300w, https:\/\/awf.world\/wp-content\/uploads\/2019\/08\/Angola_Destruction-Mboca-Mission2-768x434.jpg 768w, https:\/\/awf.world\/wp-content\/uploads\/2019\/08\/Angola_Destruction-Mboca-Mission2-1024x579.jpg 1024w, https:\/\/awf.world\/wp-content\/uploads\/2019\/08\/Angola_Destruction-Mboca-Mission2.jpg 1500w\" sizes=\"auto, (max-width: 300px) 100vw, 300px\" \/><figcaption id=\"caption-attachment-23626\" class=\"wp-caption-text\">Vista parcial de la destrucci\u00f3n de las estructuras f\u00edsicas de la Misi\u00f3n Mboca<\/figcaption><\/figure>\n<p>A pesar de la pobreza, la persecuci\u00f3n y la p\u00e9rdida de miembros, la iglesia ahora es estable y busca ser una presencia a nivel nacional.<\/p>\n<figure id=\"attachment_23632\" aria-describedby=\"caption-attachment-23632\" style=\"width: 300px\" class=\"wp-caption alignleft\"><img loading=\"lazy\" decoding=\"async\" class=\"size-medium wp-image-23632\" src=\"http:\/\/awf.world\/wp-content\/uploads\/2019\/08\/Angola_Pastors-Retreat_2018-07-300x170.jpg\" alt=\"\" width=\"300\" height=\"170\" srcset=\"https:\/\/awf.world\/wp-content\/uploads\/2019\/08\/Angola_Pastors-Retreat_2018-07-300x170.jpg 300w, https:\/\/awf.world\/wp-content\/uploads\/2019\/08\/Angola_Pastors-Retreat_2018-07-768x434.jpg 768w, https:\/\/awf.world\/wp-content\/uploads\/2019\/08\/Angola_Pastors-Retreat_2018-07-1024x579.jpg 1024w, https:\/\/awf.world\/wp-content\/uploads\/2019\/08\/Angola_Pastors-Retreat_2018-07.jpg 1500w\" sizes=\"auto, (max-width: 300px) 100vw, 300px\" \/><figcaption id=\"caption-attachment-23632\" class=\"wp-caption-text\">Retiro de Pastores &#8211; Julio 2018<\/figcaption><\/figure>\n<p>Tiene varios ministerios:<\/p>\n<ul>\n<li><strong>La Educaci\u00f3n Cristiana <\/strong>est\u00e1 dirigida por el reverendo Ant\u00f3nio Keka da Costa y es responsable de la preparaci\u00f3n y supervisi\u00f3n de la Escuela Dominical.<\/li>\n<li><strong>J\u00f3venes: <\/strong>Este departamento busca alentar a los j\u00f3venes dentro de la iglesia y la sociedad.\n<figure id=\"attachment_23629\" aria-describedby=\"caption-attachment-23629\" style=\"width: 300px\" class=\"wp-caption alignright\"><img loading=\"lazy\" decoding=\"async\" class=\"size-medium wp-image-23629\" src=\"http:\/\/awf.world\/wp-content\/uploads\/2019\/08\/Angola_Youth-Baptismal-Act-300x170.jpg\" alt=\"\" width=\"300\" height=\"170\" srcset=\"https:\/\/awf.world\/wp-content\/uploads\/2019\/08\/Angola_Youth-Baptismal-Act-300x170.jpg 300w, https:\/\/awf.world\/wp-content\/uploads\/2019\/08\/Angola_Youth-Baptismal-Act-768x434.jpg 768w, https:\/\/awf.world\/wp-content\/uploads\/2019\/08\/Angola_Youth-Baptismal-Act-1024x579.jpg 1024w, https:\/\/awf.world\/wp-content\/uploads\/2019\/08\/Angola_Youth-Baptismal-Act.jpg 1500w\" sizes=\"auto, (max-width: 300px) 100vw, 300px\" \/><figcaption id=\"caption-attachment-23629\" class=\"wp-caption-text\">J\u00f3venes aceptan el bautismo en el \u00abActo Bautismal\u00bb<\/figcaption><\/figure><\/li>\n<li><strong>Asociaci\u00f3n de Mujeres de la Alianza<\/strong>\n<figure id=\"attachment_23620\" aria-describedby=\"caption-attachment-23620\" style=\"width: 300px\" class=\"wp-caption alignleft\"><img loading=\"lazy\" decoding=\"async\" class=\"size-medium wp-image-23620\" src=\"http:\/\/awf.world\/wp-content\/uploads\/2019\/08\/Women-Ministry-Angola-300x170.jpg\" alt=\"\" width=\"300\" height=\"170\" srcset=\"https:\/\/awf.world\/wp-content\/uploads\/2019\/08\/Women-Ministry-Angola-300x170.jpg 300w, https:\/\/awf.world\/wp-content\/uploads\/2019\/08\/Women-Ministry-Angola-768x434.jpg 768w, https:\/\/awf.world\/wp-content\/uploads\/2019\/08\/Women-Ministry-Angola-1024x579.jpg 1024w, https:\/\/awf.world\/wp-content\/uploads\/2019\/08\/Women-Ministry-Angola.jpg 1500w\" sizes=\"auto, (max-width: 300px) 100vw, 300px\" \/><figcaption id=\"caption-attachment-23620\" class=\"wp-caption-text\">Alegr\u00eda de las Mujeres de la Alianza despu\u00e9s de la Reuni\u00f3n de Adoraci\u00f3n<\/figcaption><\/figure>\n<p><strong>(ACMAA):<\/strong> Su misi\u00f3n es aplicar los principios cristianos en el hogar, la iglesia y la sociedad, incluidas las visitas a los hospitales y la reeducaci\u00f3n de los presos.<\/li>\n<li><strong>Asociaci\u00f3n de Hombres de la Alianza (ACHAA):<\/strong> Este grupo busca aplicar los principios cristianos en el hogar, la iglesia y la sociedad.<\/li>\n<li><strong>Misiones <\/strong>est\u00e1 dirigida por el reverendo Tomas Sunda Lelo. La visi\u00f3n es plantar iglesias en las provincias de Malanje, Zaire y Moxico y abrir m\u00e1s centros en la capital, Luanda.<\/li>\n<li><strong><strong>Instituto Teol\u00f3gico de la Alianza Cristiana y Misionera en Angola (ITACA):<\/strong><\/strong>\n<figure id=\"attachment_23635\" aria-describedby=\"caption-attachment-23635\" style=\"width: 300px\" class=\"wp-caption alignright\"><img loading=\"lazy\" decoding=\"async\" class=\"size-medium wp-image-23635\" src=\"http:\/\/awf.world\/wp-content\/uploads\/2019\/08\/Angola_Pastors-Consectration-New-Millennium_2017-300x170.jpg\" alt=\"\" width=\"300\" height=\"170\" srcset=\"https:\/\/awf.world\/wp-content\/uploads\/2019\/08\/Angola_Pastors-Consectration-New-Millennium_2017-300x170.jpg 300w, https:\/\/awf.world\/wp-content\/uploads\/2019\/08\/Angola_Pastors-Consectration-New-Millennium_2017-768x434.jpg 768w, https:\/\/awf.world\/wp-content\/uploads\/2019\/08\/Angola_Pastors-Consectration-New-Millennium_2017-1024x579.jpg 1024w, https:\/\/awf.world\/wp-content\/uploads\/2019\/08\/Angola_Pastors-Consectration-New-Millennium_2017.jpg 1500w\" sizes=\"auto, (max-width: 300px) 100vw, 300px\" \/><figcaption id=\"caption-attachment-23635\" class=\"wp-caption-text\">Consagraci\u00f3n de Pastores &#8211; Nuevo Milenio &#8211; 2017<\/figcaption><\/figure>\n<p>Es dirigido por el reverendo Martinho Bingo. En asociaci\u00f3n con su iglesia hermana brasile\u00f1a (ACEMBRAS), ha estado entrenando l\u00edderes en teolog\u00eda. Ha habido siete graduados hasta la fecha.<\/li>\n<\/ul>\n<p>&nbsp;<\/p>\n<p>&nbsp;<\/p>\n<p><strong>Solicitudes de Oraci\u00f3n:<\/strong><\/p>\n<ul>\n<li>Ora por la construcci\u00f3n de la Oficina General.<\/li>\n<li>Ora por el trabajo que se establecer\u00e1 en las provincias del sur: Malanje, Moxico y Zaire.<\/li>\n<li>Ora por la recalificaci\u00f3n del ITACA.<\/li>\n<\/ul>\n","protected":false},"author":24,"featured_media":23640,"template":"","meta":{"inline_featured_image":false,"ngg_post_thumbnail":0,"_EventAllDay":false,"_EventTimezone":"","_EventStartDate":"","_EventEndDate":"","_EventStartDateUTC":"","_EventEndDateUTC":"","_EventShowMap":false,"_EventShowMapLink":false,"_EventURL":"","_EventCost":"","_EventCostDescription":"","_EventCurrencySymbol":"","_EventCurrencyCode":"","_EventCurrencyPosition":"","_EventDateTimeSeparator":"","_EventTimeRangeSeparator":"","_EventOrganizerID":[],"_EventVenueID":[],"_OrganizerEmail":"","_OrganizerPhone":"","_OrganizerWebsite":"","_VenueAddress":"","_VenueCity":"","_VenueCountry":"","_VenueProvince":"","_VenueState":"","_VenueZip":"","_VenuePhone":"","_VenueURL":"","_VenueStateProvince":"","_VenueLat":"","_VenueLng":"","_VenueShowMap":false,"_VenueShowMapLink":false},"categories":[285,34],"tags":[279,280],"class_list":["post-23642","awf-news","type-awf-news","status-publish","has-post-thumbnail","hentry","category-africa-es","category-news-es","tag-africa-es","tag-angola-es"],"_links":{"self":[{"href":"https:\/\/awf.world\/es\/wp-json\/wp\/v2\/awf-news\/23642","targetHints":{"allow":["GET"]}}],"collection":[{"href":"https:\/\/awf.world\/es\/wp-json\/wp\/v2\/awf-news"}],"about":[{"href":"https:\/\/awf.world\/es\/wp-json\/wp\/v2\/types\/awf-news"}],"author":[{"embeddable":true,"href":"https:\/\/awf.world\/es\/wp-json\/wp\/v2\/users\/24"}],"wp:featuredmedia":[{"embeddable":true,"href":"https:\/\/awf.world\/es\/wp-json\/wp\/v2\/media\/23640"}],"wp:attachment":[{"href":"https:\/\/awf.world\/es\/wp-json\/wp\/v2\/media?parent=23642"}],"wp:term":[{"taxonomy":"category","embeddable":true,"href":"https:\/\/awf.world\/es\/wp-json\/wp\/v2\/categories?post=23642"},{"taxonomy":"post_tag","embeddable":true,"href":"https:\/\/awf.world\/es\/wp-json\/wp\/v2\/tags?post=23642"}],"curies":[{"name":"wp","href":"https:\/\/api.w.org\/{rel}","templated":true}]}}