{"id":23521,"date":"2019-07-05T10:24:27","date_gmt":"2019-07-05T15:24:27","guid":{"rendered":"http:\/\/awf.world\/awf-news\/iniciativa-de-capacitacion-de-la-awf-icte-para-jovenes-educadores\/"},"modified":"2021-10-05T13:43:12","modified_gmt":"2021-10-05T18:43:12","slug":"iniciativa-de-capacitacion-de-la-awf-icte-para-jovenes-educadores","status":"publish","type":"awf-news","link":"https:\/\/awf.world\/es\/awf-news\/iniciativa-de-capacitacion-de-la-awf-icte-para-jovenes-educadores\/","title":{"rendered":"Iniciativa de Formaci\u00f3n de AWF-ICTE para J\u00f3venes Acad\u00e9micos"},"content":{"rendered":"<h3>Los maestros volvieron a la historia a fines de junio cuando participaron en la Iniciativa de Formaci\u00f3n de AWF-ICTE (Comisi\u00f3n Internacional de Educaci\u00f3n Teol\u00f3gica) para J\u00f3venes Acad\u00e9micos en Nyack, Nueva York. Los participantes seleccionados de todo el mundo recibieron capacitaci\u00f3n en Distintivos de la Alianza como preparaci\u00f3n para la ense\u00f1anza futura en sus respectivas regiones de la Confraternidad Mundial de la Alianza. Fue un paso importante en la promoci\u00f3n de la Alianza a la pr\u00f3xima generaci\u00f3n de l\u00edderes.<\/h3>\n<p>Durante la semana del 24 al 28 de junio de 2019, los candidatos fueron instruidos en los inicios hist\u00f3ricos de la Alianza Cristiana y Misionera y tuvieron la oportunidad de visitar lugares clave relevantes para el trabajo de A.B. Simpson, el fundador del movimiento.<\/p>\n<p>Un participante escribi\u00f3: <em>\u201cEsta semana ha sido un recordatorio revelador de qui\u00e9nes somos y por qu\u00e9 existimos como Alianza Cristiana y Misionera. Caminar por las calles de Nueva York que caminaba Simpson; permanecer en los pasillos de Nyack, donde se capacit\u00f3 a los primeros obreros enviados por nuestro movimiento; sentir el fuego de nuestra causa arder de nuevo en mi coraz\u00f3n mientras aprend\u00edamos, convers\u00e1bamos, ador\u00e1bamos y or\u00e1bamos juntos; as\u00ed es como se debe haber sentido experimentar nuestro movimiento desde el principio.\u201d<\/em><\/p>\n<p><img loading=\"lazy\" decoding=\"async\" class=\"alignleft size-medium wp-image-23518\" src=\"http:\/\/awf.world\/wp-content\/uploads\/2019\/07\/AWF-ICTE_Young-Scholars-Program_Nyack_2019-061-300x225.jpg\" alt=\"\" width=\"300\" height=\"225\" srcset=\"https:\/\/awf.world\/wp-content\/uploads\/2019\/07\/AWF-ICTE_Young-Scholars-Program_Nyack_2019-061-300x225.jpg 300w, https:\/\/awf.world\/wp-content\/uploads\/2019\/07\/AWF-ICTE_Young-Scholars-Program_Nyack_2019-061-768x576.jpg 768w, https:\/\/awf.world\/wp-content\/uploads\/2019\/07\/AWF-ICTE_Young-Scholars-Program_Nyack_2019-061.jpg 960w\" sizes=\"auto, (max-width: 300px) 100vw, 300px\" \/><\/p>\n<p>Las sesiones fueron dirigidas por el Prof. Bernie Van de Walle (Profesor de Teolog\u00eda Hist\u00f3rica y Sistem\u00e1tica, Universidad de Ambrose) y Dr. Ron Walborn (Vicepresidente y Decano, Seminario Teol\u00f3gico de la Alianza, Nyack).<\/p>\n<p>La capacitaci\u00f3n tambi\u00e9n se centr\u00f3 en c\u00f3mo la Alianza global de hoy puede aprovechar nuestra herencia compartida en la ACyM para agregar valor a los ministerios actuales y futuros. Como cohorte global, con diferentes experiencias vocacionales, diferentes realidades culturales y diferentes perspectivas hist\u00f3ricas, los participantes aprendieron unos de otros c\u00f3mo la visi\u00f3n \u00fanica de la Alianza de todo el evangelio, para toda la persona, para todo el mundo, puede ser tomada, predicada, encarnada y renovada en nuestros d\u00edas.<\/p>\n<p><em>\u201cEsta semana es una respuesta a la oraci\u00f3n que hice hace 20 a\u00f1os\u201d<\/em>, dijo un participante. <em>\u201cA la edad de 18 a\u00f1os, le ped\u00ed a Dios que me ayudara a contribuir a la restauraci\u00f3n de la visi\u00f3n misionera de A.B. Simpson en la ACyM. &#8230; [Este es] el comienzo de la realizaci\u00f3n de mi oraci\u00f3n.\u201d<\/em><\/p>\n<p>Otro lo llam\u00f3 de <em>\u201cuna experiencia que cambia la vida, cambia la mente y alienta el coraz\u00f3n.\u201d<\/em><\/p>\n<p>Los participantes de esta cohorte ahora volver\u00e1n a sus regiones para ense\u00f1ar a otros, mientras AWF-ICTE est\u00e1 anticipando la celebraci\u00f3n de un evento similar en 2021.<\/p>\n","protected":false},"author":24,"featured_media":23517,"template":"","meta":{"inline_featured_image":false,"ngg_post_thumbnail":0,"_EventAllDay":false,"_EventTimezone":"","_EventStartDate":"","_EventEndDate":"","_EventStartDateUTC":"","_EventEndDateUTC":"","_EventShowMap":false,"_EventShowMapLink":false,"_EventURL":"","_EventCost":"","_EventCostDescription":"","_EventCurrencySymbol":"","_EventCurrencyCode":"","_EventCurrencyPosition":"","_EventDateTimeSeparator":"","_EventTimeRangeSeparator":"","_EventOrganizerID":[],"_EventVenueID":[],"_OrganizerEmail":"","_OrganizerPhone":"","_OrganizerWebsite":"","_VenueAddress":"","_VenueCity":"","_VenueCountry":"","_VenueProvince":"","_VenueState":"","_VenueZip":"","_VenuePhone":"","_VenueURL":"","_VenueStateProvince":"","_VenueLat":"","_VenueLng":"","_VenueShowMap":false,"_VenueShowMapLink":false},"categories":[854,34],"tags":[347,346],"class_list":["post-23521","awf-news","type-awf-news","status-publish","has-post-thumbnail","hentry","category-educacion-teologica","category-news-es","tag-comision-internacional-de-educacion-teologica","tag-icte-es"],"_links":{"self":[{"href":"https:\/\/awf.world\/es\/wp-json\/wp\/v2\/awf-news\/23521","targetHints":{"allow":["GET"]}}],"collection":[{"href":"https:\/\/awf.world\/es\/wp-json\/wp\/v2\/awf-news"}],"about":[{"href":"https:\/\/awf.world\/es\/wp-json\/wp\/v2\/types\/awf-news"}],"author":[{"embeddable":true,"href":"https:\/\/awf.world\/es\/wp-json\/wp\/v2\/users\/24"}],"wp:featuredmedia":[{"embeddable":true,"href":"https:\/\/awf.world\/es\/wp-json\/wp\/v2\/media\/23517"}],"wp:attachment":[{"href":"https:\/\/awf.world\/es\/wp-json\/wp\/v2\/media?parent=23521"}],"wp:term":[{"taxonomy":"category","embeddable":true,"href":"https:\/\/awf.world\/es\/wp-json\/wp\/v2\/categories?post=23521"},{"taxonomy":"post_tag","embeddable":true,"href":"https:\/\/awf.world\/es\/wp-json\/wp\/v2\/tags?post=23521"}],"curies":[{"name":"wp","href":"https:\/\/api.w.org\/{rel}","templated":true}]}}