{"id":23285,"date":"2019-06-13T16:49:17","date_gmt":"2019-06-13T19:49:17","guid":{"rendered":"http:\/\/awf.world\/awf-news\/los-pastores-de-la-alianza-en-india-se-movilizan-para-plantar-iglesias-entre-los-grupos-de-personas-no-alcanzadas\/"},"modified":"2019-06-28T12:24:48","modified_gmt":"2019-06-28T15:24:48","slug":"los-pastores-de-la-alianza-en-india-se-movilizan-para-plantar-iglesias-entre-los-grupos-de-personas-no-alcanzadas","status":"publish","type":"awf-news","link":"https:\/\/awf.world\/es\/awf-news\/los-pastores-de-la-alianza-en-india-se-movilizan-para-plantar-iglesias-entre-los-grupos-de-personas-no-alcanzadas\/","title":{"rendered":"Pastores de la Alianza India se Movilizan para Plantar Iglesias entre los Grupos de Personas no Alcanzadas"},"content":{"rendered":"<h3 style=\"text-align: justify;\">M\u00e1s de 25 pastores de la Alianza y l\u00edderes de varios ministerios conectados a la Alianza Cristiana y Misionera en la India compartieron su ministerio actual y sus planes futuros para plantar iglesias y hacer misiones entre los grandes grupos no alcanzados del pa\u00eds.<\/h3>\n<p>Informes ministeriales y compartir la visi\u00f3n fueron s\u00f3lo uno de los puntos altos del evento. Se convirtieron en ventanas para que todos vean lo que Dios est\u00e1 haciendo en diferentes partes de la India y, al mismo tiempo, brindan una nueva esperanza para llevar la luz brillante de Dios a los grupos de personas menos alcanzadas y no alcanzadas a trav\u00e9s de una asociaci\u00f3n din\u00e1mica y estrat\u00e9gica. Sumado a eso, el fuerte v\u00ednculo de unidad que todos desean dentro del cuerpo de Cristo se restaurar\u00e1 en su lugar m\u00e1s pleno a trav\u00e9s del poder del Esp\u00edritu.<\/p>\n<p>A pesar de todas las probabilidades contrarias, el trabajo de Dios en la India continuar\u00e1 vivo y creciendo. Un participante dijo: \u201cLa ACyM est\u00e1 viva y en crecimiento en la India\u201d. As\u00ed, el Se\u00f1or trajo cooperadores potenciales con recursos diversos y \u00fanicos que har\u00e1n que esto suceda para Su gloria y honor. Dios mediante, nuevas alianzas se formar\u00e1n antes de fin de a\u00f1o.<\/p>\n<p>Esta fue la segunda reuni\u00f3n de consulta de NAFI (la Confraternidad de la Alianza Nacional India) y se celebr\u00f3 del 27 al 29 de mayo de 2019 en Mumbai. Para ver este inicio de nuevas oportunidades ir adelante en la ACyM india, y para mantener su ritmo, se celebrar\u00e1 una tercera reuni\u00f3n de NAFI del 27 al 29 de enero de 2020. Se esperan aproximadamente 50 participantes, incluidos nuevos cooperados potenciales.<\/p>\n<figure id=\"attachment_23364\" aria-describedby=\"caption-attachment-23364\" style=\"width: 300px\" class=\"wp-caption alignleft\"><img loading=\"lazy\" decoding=\"async\" class=\"size-medium wp-image-23364\" src=\"http:\/\/awf.world\/wp-content\/uploads\/2019\/06\/NAFI-Current-Ad-Hoc-Committee_2019-05-300x169.jpg\" alt=\"\" width=\"300\" height=\"169\" srcset=\"https:\/\/awf.world\/wp-content\/uploads\/2019\/06\/NAFI-Current-Ad-Hoc-Committee_2019-05-300x169.jpg 300w, https:\/\/awf.world\/wp-content\/uploads\/2019\/06\/NAFI-Current-Ad-Hoc-Committee_2019-05-768x432.jpg 768w, https:\/\/awf.world\/wp-content\/uploads\/2019\/06\/NAFI-Current-Ad-Hoc-Committee_2019-05-1024x576.jpg 1024w, https:\/\/awf.world\/wp-content\/uploads\/2019\/06\/NAFI-Current-Ad-Hoc-Committee_2019-05.jpg 1040w\" sizes=\"auto, (max-width: 300px) 100vw, 300px\" \/><figcaption id=\"caption-attachment-23364\" class=\"wp-caption-text\">Actual Comit\u00e9 Ad-Hoc de NAFI<\/figcaption><\/figure>\n<p>NAFI es un cuerpo no legislativo y no administrativo de l\u00edderes clave de la Alianza que se unen para la asociaci\u00f3n y la cooperaci\u00f3n. Todos los pastores de la India que se identifican a s\u00ed mismos como parte del movimiento de la Alianza Cristiana y Misionera y est\u00e1n dispuestos a asociarse en nuevas iniciativas de plantaci\u00f3n de iglesias y misiones son bienvenidos a participar.<\/p>\n","protected":false},"author":24,"featured_media":23284,"template":"","meta":{"inline_featured_image":false,"ngg_post_thumbnail":0,"_EventAllDay":false,"_EventTimezone":"","_EventStartDate":"","_EventEndDate":"","_EventStartDateUTC":"","_EventEndDateUTC":"","_EventShowMap":false,"_EventShowMapLink":false,"_EventURL":"","_EventCost":"","_EventCostDescription":"","_EventCurrencySymbol":"","_EventCurrencyCode":"","_EventCurrencyPosition":"","_EventDateTimeSeparator":"","_EventTimeRangeSeparator":"","_EventOrganizerID":[],"_EventVenueID":[],"_OrganizerEmail":"","_OrganizerPhone":"","_OrganizerWebsite":"","_VenueAddress":"","_VenueCity":"","_VenueCountry":"","_VenueProvince":"","_VenueState":"","_VenueZip":"","_VenuePhone":"","_VenueURL":"","_VenueStateProvince":"","_VenueLat":"","_VenueLng":"","_VenueShowMap":false,"_VenueShowMapLink":false},"categories":[106,34],"tags":[199,261,205,207,203],"class_list":["post-23285","awf-news","type-awf-news","status-publish","has-post-thumbnail","hentry","category-apac-es","category-news-es","tag-apac-es","tag-india-es","tag-liderazgo","tag-misiones","tag-plantacion-de-iglesias"],"_links":{"self":[{"href":"https:\/\/awf.world\/es\/wp-json\/wp\/v2\/awf-news\/23285","targetHints":{"allow":["GET"]}}],"collection":[{"href":"https:\/\/awf.world\/es\/wp-json\/wp\/v2\/awf-news"}],"about":[{"href":"https:\/\/awf.world\/es\/wp-json\/wp\/v2\/types\/awf-news"}],"author":[{"embeddable":true,"href":"https:\/\/awf.world\/es\/wp-json\/wp\/v2\/users\/24"}],"wp:featuredmedia":[{"embeddable":true,"href":"https:\/\/awf.world\/es\/wp-json\/wp\/v2\/media\/23284"}],"wp:attachment":[{"href":"https:\/\/awf.world\/es\/wp-json\/wp\/v2\/media?parent=23285"}],"wp:term":[{"taxonomy":"category","embeddable":true,"href":"https:\/\/awf.world\/es\/wp-json\/wp\/v2\/categories?post=23285"},{"taxonomy":"post_tag","embeddable":true,"href":"https:\/\/awf.world\/es\/wp-json\/wp\/v2\/tags?post=23285"}],"curies":[{"name":"wp","href":"https:\/\/api.w.org\/{rel}","templated":true}]}}