{"id":23279,"date":"2019-06-11T11:19:15","date_gmt":"2019-06-11T14:19:15","guid":{"rendered":"http:\/\/awf.world\/awf-news\/obreros-del-ministerio-arabe\/"},"modified":"2019-06-28T11:56:58","modified_gmt":"2019-06-28T14:56:58","slug":"obreros-del-ministerio-arabe","status":"publish","type":"awf-news","link":"https:\/\/awf.world\/es\/awf-news\/obreros-del-ministerio-arabe\/","title":{"rendered":"Obreros del Ministerio \u00c1rabe"},"content":{"rendered":"<h3 style=\"text-align: justify;\">Cuarenta participantes de origen \u00e1rabe de diez pa\u00edses se reunieron en el Taller Pre-Conferencia del Ministerio \u00c1rabe en la Conferencia Regional de AWF EMERALD para compartir sobre sus iglesias y hablar sobre c\u00f3mo alcanzar a los musulmanes.<\/h3>\n<p>Johan, de Bmalke dijo que los delegados en la conferencia fueron recibidos con \u201cuna c\u00e1lida bienvenida y un trato generoso\u201d. Fue la primera vez que muchos de estos pastores y l\u00edderes se reunieron, \u201cun momento oportuno &#8230; para compartir oraciones, noticias y visi\u00f3n\u201d. dijo Samir, de Swaida. Ellos discutieron c\u00f3mo llegar al mundo musulm\u00e1n no solo en sus propios pa\u00edses, sino tambi\u00e9n entre los refugiados musulmanes y la poblaci\u00f3n inmigrante en Europa. Los pastores discutieron temas que ten\u00edan en com\u00fan en sus iglesias y varias estrategias de divulgaci\u00f3n.<\/p>\n<p>Los pastores \u201cse dieron cuenta de que no eran los \u00fanicos que luchaban, ya que hay un ej\u00e9rcito en todo el mundo que contribuye a la propagaci\u00f3n de la Palabra\u201d, dijo Naim. Otro delegado, Essam, dijo: \u201cEstoy encantado y he crecido espiritualmente. Mi visi\u00f3n sobre el ministerio se ha ampliado\u201d. Samih dijo: \u201cEsto definitivamente nos permitir\u00e1 volver a casa con una nueva determinaci\u00f3n para el trabajo y el servicio\u201d.<\/p>\n<p>El expositor del taller del ministerio \u00e1rabe fue Yassir Eric, un experto en Islam y Director del Instituto Europeo de Migraci\u00f3n, Integraci\u00f3n y Asuntos Isl\u00e1micos (EIMI). Muchos de estos delegados asistieron a la conferencia con el apoyo financiero proporcionado por la familia de la Alianza Cristiana y Misionera.<\/p>\n","protected":false},"author":24,"featured_media":23278,"template":"","meta":{"inline_featured_image":false,"ngg_post_thumbnail":0,"_EventAllDay":false,"_EventTimezone":"","_EventStartDate":"","_EventEndDate":"","_EventStartDateUTC":"","_EventEndDateUTC":"","_EventShowMap":false,"_EventShowMapLink":false,"_EventURL":"","_EventCost":"","_EventCostDescription":"","_EventCurrencySymbol":"","_EventCurrencyCode":"","_EventCurrencyPosition":"","_EventDateTimeSeparator":"","_EventTimeRangeSeparator":"","_EventOrganizerID":[],"_EventVenueID":[],"_OrganizerEmail":"","_OrganizerPhone":"","_OrganizerWebsite":"","_VenueAddress":"","_VenueCity":"","_VenueCountry":"","_VenueProvince":"","_VenueState":"","_VenueZip":"","_VenuePhone":"","_VenueURL":"","_VenueStateProvince":"","_VenueLat":"","_VenueLng":"","_VenueShowMap":false,"_VenueShowMapLink":false},"categories":[100,34],"tags":[253,202,205,259],"class_list":["post-23279","awf-news","type-awf-news","status-publish","has-post-thumbnail","hentry","category-emerald-es","category-news-es","tag-cuidado-pastoral","tag-emerald-es","tag-liderazgo","tag-vision-es"],"_links":{"self":[{"href":"https:\/\/awf.world\/es\/wp-json\/wp\/v2\/awf-news\/23279","targetHints":{"allow":["GET"]}}],"collection":[{"href":"https:\/\/awf.world\/es\/wp-json\/wp\/v2\/awf-news"}],"about":[{"href":"https:\/\/awf.world\/es\/wp-json\/wp\/v2\/types\/awf-news"}],"author":[{"embeddable":true,"href":"https:\/\/awf.world\/es\/wp-json\/wp\/v2\/users\/24"}],"wp:featuredmedia":[{"embeddable":true,"href":"https:\/\/awf.world\/es\/wp-json\/wp\/v2\/media\/23278"}],"wp:attachment":[{"href":"https:\/\/awf.world\/es\/wp-json\/wp\/v2\/media?parent=23279"}],"wp:term":[{"taxonomy":"category","embeddable":true,"href":"https:\/\/awf.world\/es\/wp-json\/wp\/v2\/categories?post=23279"},{"taxonomy":"post_tag","embeddable":true,"href":"https:\/\/awf.world\/es\/wp-json\/wp\/v2\/tags?post=23279"}],"curies":[{"name":"wp","href":"https:\/\/api.w.org\/{rel}","templated":true}]}}