{"id":23140,"date":"2019-05-17T16:21:58","date_gmt":"2019-05-17T19:21:58","guid":{"rendered":"http:\/\/awf.world\/awf-news\/conferencia-regional-de-awf-emerald-europa-y-medio-oriente-en-alemania-1-4-de-mayo-de-2019\/"},"modified":"2019-05-17T16:21:58","modified_gmt":"2019-05-17T19:21:58","slug":"conferencia-regional-de-awf-emerald-europa-y-medio-oriente-en-alemania-1-4-de-mayo-de-2019","status":"publish","type":"awf-news","link":"https:\/\/awf.world\/es\/awf-news\/conferencia-regional-de-awf-emerald-europa-y-medio-oriente-en-alemania-1-4-de-mayo-de-2019\/","title":{"rendered":"Conferencia Regional de AWF EMERALD (Europa y Medio Oriente) en Alemania (1-4 de mayo de 2019)"},"content":{"rendered":"<p>&nbsp;<\/p>\n<h4 style=\"text-align: justify;\">La Conferencia Regional AWF EMERALD 2019 fue la mayor conferencia regional de la AWF en la historia con m\u00e1s de 140 delegados presentes tanto de la regi\u00f3n como de la familia m\u00e1s amplia de la AWF, incluyendo Latinoam\u00e9rica.<\/h4>\n<p>La reuni\u00f3n comenz\u00f3 con talleres ministeriales previos a la conferencia basados en grupos de idiomas (latino, \u00e1rabe y chino). Muchos pastores de la Alianza de Medio Oriente pudieron asistir a la conferencia y a los talleres ministeriales previos a la conferencia debido a la generosidad de la familia Alianza.<\/p>\n<p><img loading=\"lazy\" decoding=\"async\" class=\"alignleft size-medium wp-image-23136\" src=\"http:\/\/awf.world\/wp-content\/uploads\/2019\/05\/Emerald-Regional-Conference_Germany_Bernie_2019-05-300x200.jpg\" alt=\"\" width=\"300\" height=\"200\" srcset=\"https:\/\/awf.world\/wp-content\/uploads\/2019\/05\/Emerald-Regional-Conference_Germany_Bernie_2019-05-300x200.jpg 300w, https:\/\/awf.world\/wp-content\/uploads\/2019\/05\/Emerald-Regional-Conference_Germany_Bernie_2019-05-768x512.jpg 768w, https:\/\/awf.world\/wp-content\/uploads\/2019\/05\/Emerald-Regional-Conference_Germany_Bernie_2019-05-1024x682.jpg 1024w, https:\/\/awf.world\/wp-content\/uploads\/2019\/05\/Emerald-Regional-Conference_Germany_Bernie_2019-05-272x182.jpg 272w, https:\/\/awf.world\/wp-content\/uploads\/2019\/05\/Emerald-Regional-Conference_Germany_Bernie_2019-05.jpg 1500w\" sizes=\"auto, (max-width: 300px) 100vw, 300px\" \/><\/p>\n<p>El tema de la conferencia fue \u201cViviendo en el Evangelio Cu\u00e1druple\u201d e incluy\u00f3 un Simposio de Teolog\u00eda de la Alianza. El expositor principal, el Dr. Bernie A. Van De Walle, es el presidente de la AWF-ICTE (Comisi\u00f3n Internacional de Educaci\u00f3n Teol\u00f3gica), y los temas del simposio incluyeron \u201cJes\u00fas es el Evangelio\u201d y \u201cSalvando el Evangelio\u201d. Los representantes de EMERALD en la AWF-ICTE, el Dr. Jack Sara de Bethlehem Bible College, y el Dr. Marco Wittenberg, facilitaron los grupos de discusi\u00f3n del simposio.<\/p>\n<p>Las sesiones vespertinas de ense\u00f1anza basadas en el tema de la conferencia \u201cViviendo en el Evangelio Cu\u00e1druple\u201d fueron impartidas por los pastores Steve Fowler y Rob Bashioum de la Iglesia Alianza de Salem. Tambi\u00e9n hubo testimonios de los campos misioneros en el Medio Oriente y del campo misionero de la di\u00e1spora en Europa y presentaciones sobre c\u00f3mo el campo misionero est\u00e1 evolucionando en todo el mundo.<\/p>\n<p>Durante la conferencia, la regi\u00f3n AWF EMERALD adopt\u00f3 una nueva declaraci\u00f3n de visi\u00f3n para la regi\u00f3n:<\/p>\n<p>\u201c<em>La misi\u00f3n de la Confraternidad Mundial de la Alianza y de la Regi\u00f3n EMERALD es facilitar la cooperaci\u00f3n entre sus miembros (iglesias y organizaciones) mientras trabajan para el cumplimiento de la Gran Comisi\u00f3n.\u201d<\/em><\/p>\n<p><em>\u00a0\u00a0\u00a0\u00a0\u00a0\u00a0\u00a0\u00a0\u00a0\u00a0\u00a0\u00a0\u00a0 \u201cLa visi\u00f3n de la Confraternidad Mundial de la Alianza es que EMERALD se convierte en una plataforma para asociaciones y comuni\u00f3n centradas en el Reino dentro de la familia de la Alianza en nuestra regi\u00f3n para promover el Evangelio mientras trabajamos juntos para el cumplimiento de la Gran Comisi\u00f3n.\u201d<\/em><\/p>\n<p>La reuni\u00f3n de negocios de EMERALD vio la confirmaci\u00f3n de la elecci\u00f3n del Pastor Munther Shahatit (Jordania) para el puesto de coordinador regional y la elecci\u00f3n del Pastor Misha Medvedev (Rusia) para el comit\u00e9 coordinador regional. La familia EMERALD tambi\u00e9n honr\u00f3 a Philip Margesson, el Secretario retirado de EMERALD, por su compromiso de m\u00e1s de 40 a\u00f1os con la familia Alianza.<\/p>\n<p>Los delegados de habla francesa en la conferencia tambi\u00e9n se reunieron para discutir la posibilidad de crear un grupo franc\u00f3fono de la Alianza dentro de la Confraternidad Mundial de la Alianza.<\/p>\n<p>La pr\u00f3xima reuni\u00f3n regional de la AWF EMERALD se llevar\u00e1 a cabo en la Convocatoria Cuadrienal 2020 de la Confraternidad Mundial de la Alianza sobre \u201cProfundizar y Avanzar\u201d, que tendr\u00e1 lugar en el Hotel Sheraton Guayaquil, Ecuador, del 20 al 24 de octubre de 2020. El Comit\u00e9 Coordinador Regional de AWF EMERALD est\u00e1 poniendo en marcha planes para que todas las Iglesias Nacionales de la Alianza en la Regi\u00f3n AWF EMERALD env\u00eden delegados a la Cuadrienal de la AWF.<\/p>\n","protected":false},"author":24,"featured_media":23135,"template":"","meta":{"inline_featured_image":false,"ngg_post_thumbnail":0,"_EventAllDay":false,"_EventTimezone":"","_EventStartDate":"","_EventEndDate":"","_EventStartDateUTC":"","_EventEndDateUTC":"","_EventShowMap":false,"_EventShowMapLink":false,"_EventURL":"","_EventCost":"","_EventCostDescription":"","_EventCurrencySymbol":"","_EventCurrencyCode":"","_EventCurrencyPosition":"","_EventDateTimeSeparator":"","_EventTimeRangeSeparator":"","_EventOrganizerID":[],"_EventVenueID":[],"_OrganizerEmail":"","_OrganizerPhone":"","_OrganizerWebsite":"","_VenueAddress":"","_VenueCity":"","_VenueCountry":"","_VenueProvince":"","_VenueState":"","_VenueZip":"","_VenuePhone":"","_VenueURL":"","_VenueStateProvince":"","_VenueLat":"","_VenueLng":"","_VenueShowMap":false,"_VenueShowMapLink":false},"categories":[100,34],"tags":[245,347,202,346,205,207],"class_list":["post-23140","awf-news","type-awf-news","status-publish","has-post-thumbnail","hentry","category-emerald-es","category-news-es","tag-alemania","tag-comision-internacional-de-educacion-teologica","tag-emerald-es","tag-icte-es","tag-liderazgo","tag-misiones"],"_links":{"self":[{"href":"https:\/\/awf.world\/es\/wp-json\/wp\/v2\/awf-news\/23140","targetHints":{"allow":["GET"]}}],"collection":[{"href":"https:\/\/awf.world\/es\/wp-json\/wp\/v2\/awf-news"}],"about":[{"href":"https:\/\/awf.world\/es\/wp-json\/wp\/v2\/types\/awf-news"}],"author":[{"embeddable":true,"href":"https:\/\/awf.world\/es\/wp-json\/wp\/v2\/users\/24"}],"wp:featuredmedia":[{"embeddable":true,"href":"https:\/\/awf.world\/es\/wp-json\/wp\/v2\/media\/23135"}],"wp:attachment":[{"href":"https:\/\/awf.world\/es\/wp-json\/wp\/v2\/media?parent=23140"}],"wp:term":[{"taxonomy":"category","embeddable":true,"href":"https:\/\/awf.world\/es\/wp-json\/wp\/v2\/categories?post=23140"},{"taxonomy":"post_tag","embeddable":true,"href":"https:\/\/awf.world\/es\/wp-json\/wp\/v2\/tags?post=23140"}],"curies":[{"name":"wp","href":"https:\/\/api.w.org\/{rel}","templated":true}]}}