{"id":23131,"date":"2019-05-17T15:51:46","date_gmt":"2019-05-17T18:51:46","guid":{"rendered":"http:\/\/awf.world\/awf-news\/conoce-a-nguessan-kouadio-noel-el-nuevo-presidente-de-la-iglesia-acym-de-costa-de-marfil\/"},"modified":"2019-05-30T16:34:48","modified_gmt":"2019-05-30T19:34:48","slug":"conoce-a-nguessan-kouadio-noel-el-nuevo-presidente-de-la-iglesia-acym-de-costa-de-marfil","status":"publish","type":"awf-news","link":"https:\/\/awf.world\/es\/awf-news\/conoce-a-nguessan-kouadio-noel-el-nuevo-presidente-de-la-iglesia-acym-de-costa-de-marfil\/","title":{"rendered":"Conoce a Noel N\u2019Guessan Kouadio, el nuevo Presidente de la Iglesia ACyM de Costa de Marfil"},"content":{"rendered":"<p>&nbsp;<\/p>\n<h4 style=\"text-align: justify;\"><em>El Reverendo Noel N\u2019Guessan Kouadio es el nuevo Presidente de la Iglesia ACyM de Costa de Marfil, y forma parte de la tercera generaci\u00f3n de su familia para servir a Dios a trav\u00e9s de la Alianza Cristiana y Misionera. Su visi\u00f3n es ver la gloria de Dios restaurada dentro de la Alianza, en todo el mundo y en su pa\u00eds.<\/em><\/h4>\n<p>Noel N\u2019Guessan Kuoadio naci\u00f3 en el coraz\u00f3n de Costa de Marfil, el lugar donde comenz\u00f3 el ministerio de la ACyM en ese pa\u00eds. Su decisi\u00f3n de aceptar a Jes\u00fas como su Se\u00f1or y Salvador se tom\u00f3 a una edad temprana debido a la muerte de un amigo cercano. El pastor dice: \u00abYo ten\u00eda un fuerte sentimiento de que estaba lejos de Dios y que esta muerte podr\u00eda haber sido m\u00eda\u00bb. Despu\u00e9s de la conversi\u00f3n de N\u2019Guessan, Dios lo llam\u00f3 a trabajar a tiempo completo. \u00c9l es la tercera generaci\u00f3n en su familia para servir a nuestro Se\u00f1or.<\/p>\n<p>Fue entonces cuando comenz\u00f3 su ministerio. Despu\u00e9s de los estudios teol\u00f3gicos en el Instituto B\u00edblico de la Alianza Cristiana de Costa de Marfil, el Reverendo N\u2019Guessan sirvi\u00f3 como pastor durante muchos a\u00f1os. M\u00e1s tarde, obtuvo una maestr\u00eda en teolog\u00eda en la Universidad de Teolog\u00eda Evang\u00e9lica de la Alianza Cristiana (Facult\u00e9 de Th\u00e9ologie Evang\u00e9lique de l\u2019Alliance Chr\u00e9tienne &#8211; FATEAC) en Abidjan, Costa de Marfil.<\/p>\n<p>Despu\u00e9s de haber ense\u00f1ado algunos a\u00f1os en esta Instituci\u00f3n, N&#8217;Guessan fue a Francia para una Tesis de Doctorado en Teolog\u00eda en la Universidad Libre de Teolog\u00eda Evang\u00e9lica de Vaux-sur-Seine (Facultad Libre de Teolog\u00eda Evang\u00e9lica de Vaux-sur-Seine &#8211; FLTE). Actualmente ense\u00f1a en la Universidad de la Alianza Cristiana de Abidjan (UACA), donde tambi\u00e9n act\u00faa como director del Departamento de Teolog\u00eda.<\/p>\n<p>El Reverendo N\u2019Guessan ha estado casado con Aim\u00e9e-Chantal N&#8217;Guessan durante 23 a\u00f1os. Juntos tienen cinco hijos: dos hijas, una de 20 a\u00f1os y otra de 16, y tres hijos: un de 8 a\u00f1os, un de 12 a\u00f1os y un de 18 a\u00f1os.<\/p>\n<p>N\u2019Guessan fue elegido presidente de la Iglesia ACyM de Costa de Marfil en la 43\u00aa Conferencia de la iglesia el 16 de marzo de 2019, por los 900 delegados presentes. Estar\u00e1 en el cargo los pr\u00f3ximos cuatro a\u00f1os, despu\u00e9s de lo cual podr\u00eda ser reelegido.<\/p>\n<p>El Reverendo N&#8217;Guessan cree que \u00abla Iglesia existe para adorar a Dios, para capacitar a Sus miembros y para volverse al mundo perdido\u00bb, y es la oraci\u00f3n y la esperanza del pastor de que Dios use a la Iglesia para lograr estos tres objetivos y para vivir de nuevo el evangelio en su plenitud.<\/p>\n<p>N\u2019Guessan nos pide que oremos para que pueda equilibrar sus deberes y responsabilidades como presidente con su vida familiar. Tambi\u00e9n nos pide que oremos para que Dios lo ayude a estar listo con su coraz\u00f3n para ser una gran fuente de bendici\u00f3n para la iglesia. En cuanto a la iglesia, nos pide que oremos para que adore al Se\u00f1or en esp\u00edritu y en verdad, y que pueda transformar a sus miembros en disc\u00edpulos de Jesucristo para que sean apasionados por la salvaci\u00f3n de las almas perdidas.<\/p>\n","protected":false},"author":24,"featured_media":23192,"template":"","meta":{"inline_featured_image":false,"ngg_post_thumbnail":0,"_EventAllDay":false,"_EventTimezone":"","_EventStartDate":"","_EventEndDate":"","_EventStartDateUTC":"","_EventEndDateUTC":"","_EventShowMap":false,"_EventShowMapLink":false,"_EventURL":"","_EventCost":"","_EventCostDescription":"","_EventCurrencySymbol":"","_EventCurrencyCode":"","_EventCurrencyPosition":"","_EventDateTimeSeparator":"","_EventTimeRangeSeparator":"","_EventOrganizerID":[],"_EventVenueID":[],"_OrganizerEmail":"","_OrganizerPhone":"","_OrganizerWebsite":"","_VenueAddress":"","_VenueCity":"","_VenueCountry":"","_VenueProvince":"","_VenueState":"","_VenueZip":"","_VenuePhone":"","_VenueURL":"","_VenueStateProvince":"","_VenueLat":"","_VenueLng":"","_VenueShowMap":false,"_VenueShowMapLink":false},"categories":[285,34],"tags":[279,198,205],"class_list":["post-23131","awf-news","type-awf-news","status-publish","has-post-thumbnail","hentry","category-africa-es","category-news-es","tag-africa-es","tag-biografia","tag-liderazgo"],"_links":{"self":[{"href":"https:\/\/awf.world\/es\/wp-json\/wp\/v2\/awf-news\/23131","targetHints":{"allow":["GET"]}}],"collection":[{"href":"https:\/\/awf.world\/es\/wp-json\/wp\/v2\/awf-news"}],"about":[{"href":"https:\/\/awf.world\/es\/wp-json\/wp\/v2\/types\/awf-news"}],"author":[{"embeddable":true,"href":"https:\/\/awf.world\/es\/wp-json\/wp\/v2\/users\/24"}],"wp:featuredmedia":[{"embeddable":true,"href":"https:\/\/awf.world\/es\/wp-json\/wp\/v2\/media\/23192"}],"wp:attachment":[{"href":"https:\/\/awf.world\/es\/wp-json\/wp\/v2\/media?parent=23131"}],"wp:term":[{"taxonomy":"category","embeddable":true,"href":"https:\/\/awf.world\/es\/wp-json\/wp\/v2\/categories?post=23131"},{"taxonomy":"post_tag","embeddable":true,"href":"https:\/\/awf.world\/es\/wp-json\/wp\/v2\/tags?post=23131"}],"curies":[{"name":"wp","href":"https:\/\/api.w.org\/{rel}","templated":true}]}}