{"id":20551,"date":"2019-01-29T15:00:02","date_gmt":"2019-01-29T17:00:02","guid":{"rendered":"http:\/\/awf.world\/awf-news\/conferencia-regional-de-la-awf-emerald-en-alemania\/"},"modified":"2019-03-26T15:03:14","modified_gmt":"2019-03-26T18:03:14","slug":"conferencia-regional-de-la-awf-emerald-en-alemania","status":"publish","type":"awf-news","link":"https:\/\/awf.world\/es\/awf-news\/conferencia-regional-de-la-awf-emerald-en-alemania\/","title":{"rendered":"Conferencia Regional AWF EMERALD en Alemania"},"content":{"rendered":"<h4 style=\"text-align: justify;\">El entusiasmo est\u00e1 en el aire mientras la Regi\u00f3n AWF EMERALD (Europa y Medio Oriente) se prepara para su Conferencia Anual de 2019 en Frankfurt, Alemania. El tema es \u201cViviendo el Evangelio Cu\u00e1druple\u201d. Nuestros hermanos y hermanas compartir\u00e1n experiencias, aprender\u00e1n unos de otros y se animar\u00e1n mutuamente. Oremos para que este evento sea una gran bendici\u00f3n para los participantes y que alcance muchas vidas.<\/h4>\n<p>El entusiasmo est\u00e1 en el aire mientras la Regi\u00f3n AWF EMERALD (Europa y Medio Oriente) se prepara para su Conferencia Anual de 2019 que tendr\u00e1 lugar en Frankfurt, Alemania. El tema de este a\u00f1o es \u201cViviendo el Evangelio Cu\u00e1druple\u201d. La iglesia responsable de los preparativos es la iglesia nacional de la Alianza en Alemania (MAKD). Vernon Rehmann, el presidente, y Erwin H\u00fcgelsch\u00e4fer, el vicepresidente, est\u00e1n desempe\u00f1ando un papel importante en los preparativos, incluso en la realizaci\u00f3n de los videos de invitaci\u00f3n.<\/p>\n<p>El evento, que se extiende del 1 al 4 de mayo, se organizar\u00e1 en dos partes. En las ma\u00f1anas, habr\u00e1 un Simposio de Teolog\u00eda de la Alianza, donde el Dr. Bernie Van de Walle, presidente de la Comisi\u00f3n Internacional de Educaci\u00f3n Teol\u00f3gica (ICTE), el Dr. Marco Wittenberg (ICTE) y el Dr. Jack Sara (ICTE) estar\u00e1n hablando. El objetivo es \u201cprofundizar nuestra comprensi\u00f3n del pensamiento de la Alianza y su implicaci\u00f3n en nuestra vida y ministerio\u201d.<\/p>\n<p>La segunda parte ocurre en las tardes, donde Steve Fowler, de la Alianza Salem, y Rob Bashioum, del Instituto de Capacitaci\u00f3n Reach, hablar\u00e1n sobre \u201cViviendo en el Evangelio Cu\u00e1druple para cumplir nuestro mandato como iglesia misionera, haciendo disc\u00edpulos entre todas las naciones\u201d.<\/p>\n<p>Antes de la conferencia en s\u00ed, habr\u00e1 una reuni\u00f3n para la Red Global de L\u00edderes de Misiones de la AWF, los d\u00edas 28 y 29 de abril, y tres (3) Talleres Previos a la Conferencia, del 29 de abril al 1 de mayo: Taller del Ministerio Latino, dirigido por Jos\u00e9 Chinchila (Berl\u00edn) y el Pastor Luise (Frankfurt), el Taller del Ministerio Chino, dirigido por el Pastor Alex &amp; Christian Lukas (Berl\u00edn) y el Pastor Samuel (Dortmund), y el Taller del Ministerio \u00c1rabe. Todos los talleres tendr\u00e1n traducci\u00f3n al ingl\u00e9s disponible.<\/p>\n<p>El Taller del Ministerio \u00c1rabe trae una sorpresa. El expositor principal en el \u00e1rabe ser\u00e1 Yassir Eric, un destacado experto en el islam, no solo acad\u00e9micamente, sino tambi\u00e9n por sus antecedentes personales de migraci\u00f3n. \u00c9l dirige el Instituto Europeo de Migraci\u00f3n, Integraci\u00f3n y Asuntos Isl\u00e1micos (EIMI) en AWM desde 2013.<\/p>\n<p>El prop\u00f3sito de estos Talleres Previos a la Conferencia es \u201cbrindar una oportunidad para que los obreros del ministerio en su pueblo se re\u00fanan y se animen unos a otros\u201d.<\/p>\n<p>Oremos para que nuestros hermanos y hermanas participantes tengan un tiempo bendecido bajo la direcci\u00f3n y la luz de Dios. Pedimos tambi\u00e9n que usted ore para que todos tengan un viaje seguro.<\/p>\n","protected":false},"author":24,"featured_media":20914,"template":"","meta":{"inline_featured_image":false,"ngg_post_thumbnail":0,"_EventAllDay":false,"_EventTimezone":"","_EventStartDate":"","_EventEndDate":"","_EventStartDateUTC":"","_EventEndDateUTC":"","_EventShowMap":false,"_EventShowMapLink":false,"_EventURL":"","_EventCost":"","_EventCostDescription":"","_EventCurrencySymbol":"","_EventCurrencyCode":"","_EventCurrencyPosition":"","_EventDateTimeSeparator":"","_EventTimeRangeSeparator":"","_EventOrganizerID":[],"_EventVenueID":[],"_OrganizerEmail":"","_OrganizerPhone":"","_OrganizerWebsite":"","_VenueAddress":"","_VenueCity":"","_VenueCountry":"","_VenueProvince":"","_VenueState":"","_VenueZip":"","_VenuePhone":"","_VenueURL":"","_VenueStateProvince":"","_VenueLat":"","_VenueLng":"","_VenueShowMap":false,"_VenueShowMapLink":false},"categories":[100,34],"tags":[245,347,202,327,346,205,207],"class_list":["post-20551","awf-news","type-awf-news","status-publish","has-post-thumbnail","hentry","category-emerald-es","category-news-es","tag-alemania","tag-comision-internacional-de-educacion-teologica","tag-emerald-es","tag-evangelio-cuadruple","tag-icte-es","tag-liderazgo","tag-misiones"],"_links":{"self":[{"href":"https:\/\/awf.world\/es\/wp-json\/wp\/v2\/awf-news\/20551","targetHints":{"allow":["GET"]}}],"collection":[{"href":"https:\/\/awf.world\/es\/wp-json\/wp\/v2\/awf-news"}],"about":[{"href":"https:\/\/awf.world\/es\/wp-json\/wp\/v2\/types\/awf-news"}],"author":[{"embeddable":true,"href":"https:\/\/awf.world\/es\/wp-json\/wp\/v2\/users\/24"}],"wp:featuredmedia":[{"embeddable":true,"href":"https:\/\/awf.world\/es\/wp-json\/wp\/v2\/media\/20914"}],"wp:attachment":[{"href":"https:\/\/awf.world\/es\/wp-json\/wp\/v2\/media?parent=20551"}],"wp:term":[{"taxonomy":"category","embeddable":true,"href":"https:\/\/awf.world\/es\/wp-json\/wp\/v2\/categories?post=20551"},{"taxonomy":"post_tag","embeddable":true,"href":"https:\/\/awf.world\/es\/wp-json\/wp\/v2\/tags?post=20551"}],"curies":[{"name":"wp","href":"https:\/\/api.w.org\/{rel}","templated":true}]}}