{"id":19553,"date":"2018-10-10T13:36:10","date_gmt":"2018-10-10T18:36:10","guid":{"rendered":"http:\/\/awf.world\/awf-news\/nueva-campana-de-divulgacion-de-la-awf-nosotros-somos-alianza\/"},"modified":"2020-12-17T15:20:55","modified_gmt":"2020-12-17T20:20:55","slug":"nueva-campana-de-divulgacion-de-la-awf-nosotros-somos-alianza","status":"publish","type":"awf-news","link":"https:\/\/awf.world\/es\/awf-news\/nueva-campana-de-divulgacion-de-la-awf-nosotros-somos-alianza\/","title":{"rendered":"Nueva Campa\u00f1a de Divulgaci\u00f3n de la AWF: Nosotros Somos Alianza"},"content":{"rendered":"<h3 style=\"text-align: justify;\">Como parte de nuestra estrategia de comunicaci\u00f3n, estamos lanzando una nueva campa\u00f1a de divulgaci\u00f3n.<\/h3>\n<p>Los principales objetivos son:<\/p>\n<ul>\n<li>Alcanzar la comunidad cristiana com\u00fan, especialmente los miembros de las iglesias de la Alianza;<\/li>\n<li>Atraer nuevas audiencias, especialmente j\u00f3venes de las iglesias locales de la Alianza;<\/li>\n<li>Informar, interactuar con e involucrar a los miembros de las iglesias locales de la Alianza.<\/li>\n<\/ul>\n<p>Con el lema <em>Nosotros Somos Alianza<\/em>, queremos crear una mayor identificaci\u00f3n de los miembros de las iglesias locales de la Alianza con la AWF, reforzando el concepto de que somos una familia global que conecta a las personas.<\/p>\n<p>Para esto, nos gustar\u00eda contar con su participaci\u00f3n mediante la grabaci\u00f3n de un video corto, que se publicar\u00e1 en el sitio web y en las redes sociales de la AWF. Este video ser\u00e1 el primero de muchos otros que contar\u00e1 con l\u00edderes y miembros de las iglesias locales.<\/p>\n<p>A continuaci\u00f3n, usted encontrar\u00e1 algunas instrucciones para grabar el video:<\/p>\n<ul>\n<li>Usted puede hacer la grabaci\u00f3n con un tel\u00e9fono celular de alta calidad o una c\u00e1mara de video;<\/li>\n<li>Usted puede grabarlo en su idioma preferido (si no es ingl\u00e9s, espa\u00f1ol o franc\u00e9s, proporcione una traducci\u00f3n al ingl\u00e9s de lo que ha dicho);<\/li>\n<li>La grabaci\u00f3n debe estar en la posici\u00f3n horizontal;<\/li>\n<li>El tiempo del video no debe exceder los 60 segundos;<\/li>\n<li>Puede ser en modo <em>selfie<\/em> u otra persona sosteniendo el tel\u00e9fono celular \/ c\u00e1mara;<\/li>\n<li>La grabaci\u00f3n debe realizarse durante el d\u00eda y, preferiblemente, en frente o dentro de una iglesia de la Alianza o un hito hist\u00f3rico de su ciudad \/ pa\u00eds;<\/li>\n<li>Cierre el video diciendo la frase \u201cNosotros somos Alianza\u201d.<\/li>\n<\/ul>\n<p>El contenido del video debe incluir, pero no est\u00e1 necesariamente limitado a, la siguiente informaci\u00f3n:<\/p>\n<ul>\n<li>Cu\u00e9ntanos un poco sobre su pa\u00eds;<\/li>\n<li>Comparta c\u00f3mo la Alianza ha impactado a su pa\u00eds.<\/li>\n<\/ul>\n<p>Env\u00ede el video a <a href=\"mailto:office@awf.world\">office@awf.world<\/a>.<\/p>\n<p>Usted puede ver todos los videos en nuestro <a href=\"https:\/\/youtube.com\/playlist?list=PLFalPEZcHhks3z3JVHiJVGtMltm24kUmf\" target=\"_blank\" rel=\"noopener\">canal de YouTube<\/a>.<\/p>\n","protected":false},"author":24,"featured_media":19466,"template":"","meta":{"inline_featured_image":false,"ngg_post_thumbnail":0,"_EventAllDay":false,"_EventTimezone":"","_EventStartDate":"","_EventEndDate":"","_EventStartDateUTC":"","_EventEndDateUTC":"","_EventShowMap":false,"_EventShowMapLink":false,"_EventURL":"","_EventCost":"","_EventCostDescription":"","_EventCurrencySymbol":"","_EventCurrencyCode":"","_EventCurrencyPosition":"","_EventDateTimeSeparator":"","_EventTimeRangeSeparator":"","_EventOrganizerID":[],"_EventVenueID":[],"_OrganizerEmail":"","_OrganizerPhone":"","_OrganizerWebsite":"","_VenueAddress":"","_VenueCity":"","_VenueCountry":"","_VenueProvince":"","_VenueState":"","_VenueZip":"","_VenuePhone":"","_VenueURL":"","_VenueStateProvince":"","_VenueLat":"","_VenueLng":"","_VenueShowMap":false,"_VenueShowMapLink":false},"categories":[285,101,99,106,34,28],"tags":[279,329,199,395,357,397,396,231,254,383,398,359,209,762,393,399],"class_list":["post-19553","awf-news","type-awf-news","status-publish","has-post-thumbnail","hentry","category-africa-es","category-north-america-es","category-latin-america-es","category-apac-es","category-news-es","category-video-es","tag-africa-es","tag-norteamerica","tag-apac-es","tag-brasil-es","tag-burkina-faso","tag-canada-es","tag-chile-es","tag-cla-es","tag-cuba-es","tag-ecuador-es","tag-estados-unidos-de-america","tag-gabon","tag-america-latina","tag-nueva-zelanda-es","tag-peru-es","tag-republica-del-congo-es"],"_links":{"self":[{"href":"https:\/\/awf.world\/es\/wp-json\/wp\/v2\/awf-news\/19553","targetHints":{"allow":["GET"]}}],"collection":[{"href":"https:\/\/awf.world\/es\/wp-json\/wp\/v2\/awf-news"}],"about":[{"href":"https:\/\/awf.world\/es\/wp-json\/wp\/v2\/types\/awf-news"}],"author":[{"embeddable":true,"href":"https:\/\/awf.world\/es\/wp-json\/wp\/v2\/users\/24"}],"wp:featuredmedia":[{"embeddable":true,"href":"https:\/\/awf.world\/es\/wp-json\/wp\/v2\/media\/19466"}],"wp:attachment":[{"href":"https:\/\/awf.world\/es\/wp-json\/wp\/v2\/media?parent=19553"}],"wp:term":[{"taxonomy":"category","embeddable":true,"href":"https:\/\/awf.world\/es\/wp-json\/wp\/v2\/categories?post=19553"},{"taxonomy":"post_tag","embeddable":true,"href":"https:\/\/awf.world\/es\/wp-json\/wp\/v2\/tags?post=19553"}],"curies":[{"name":"wp","href":"https:\/\/api.w.org\/{rel}","templated":true}]}}