{"id":19429,"date":"2018-09-26T18:30:30","date_gmt":"2018-09-26T23:30:30","guid":{"rendered":"http:\/\/awf.world\/awf-news\/la-primera-conferencia-de-la-upheac-en-guinea\/"},"modified":"2018-09-26T18:30:30","modified_gmt":"2018-09-26T23:30:30","slug":"la-primera-conferencia-de-la-upheac-en-guinea","status":"publish","type":"awf-news","link":"https:\/\/awf.world\/es\/awf-news\/la-primera-conferencia-de-la-upheac-en-guinea\/","title":{"rendered":"La Primera Conferencia de la UPHEAC en Guinea"},"content":{"rendered":"<p>&nbsp;<\/p>\n<h4 style=\"text-align: justify;\">Por primera vez en la historia de los hombres de la Alianza en \u00c1frica, se realiz\u00f3 una reuni\u00f3n para discutir su papel en la familia, la iglesia y la sociedad. Sin duda fue un tiempo de crecimiento y bendici\u00f3n.<\/h4>\n<p>Por primera vez en la historia de los hombres de la Alianza en \u00c1frica, la Uni\u00f3n Panafricana de los Hombres de las Iglesias Alianza Cristiana &#8211; Union Panafricaine des Hommes d\u2019\u00c9glises de l\u2019Alliance Chr\u00e9tienne (UPHEAC) celebr\u00f3 una conferencia en la que varios temas relacionados con la vida en Cristo se discutieron con el objetivo de hacer que los hombres se involucran m\u00e1s en sus papeles para testificar la fe de la iglesia misionera para la familia, la iglesia y la sociedad.<\/p>\n<p>Ellos discutieron el papel del hombre en la Alianza Cristiana y en proyectos de misi\u00f3n y desarrollo, empezando por sus lugares de origen. Adem\u00e1s, se discutieron varios temas y subtemas, como los obst\u00e1culos actuales de la iglesia en los pa\u00edses representados y los pa\u00edses vecinos; el crecimiento espiritual de las iglesias y los hombres; cuestiones de matrimonio y familia, entre muchos otros asuntos relacionados con la vida como iglesia y como individuo.<\/p>\n<p>El evento tuvo lugar en Conakry, Guinea y dur\u00f3 del 23 al 27 de agosto de 2018. Reuni\u00f3 a 163 hombres de Guinea, Burkina Faso, Mal\u00ed y Costa de Marfil y cont\u00f3 con tres expositores: el Pastor Pierre Ifono, el Pastor Celestin Koffi, Vicepresidente y Coordinador Regional de la AWF \u00c1frica, y el Pastor Victorien Koffi, Secretario General de UPHEAC.<\/p>\n<p>Al dar gracias y alabar continuamente a Dios, esta conferencia fue ciertamente un tiempo de crecimiento individual y colectivo y muchas bendiciones.<\/p>\n","protected":false},"author":24,"featured_media":19427,"template":"","meta":{"inline_featured_image":false,"ngg_post_thumbnail":0,"_EventAllDay":false,"_EventTimezone":"","_EventStartDate":"","_EventEndDate":"","_EventStartDateUTC":"","_EventEndDateUTC":"","_EventShowMap":false,"_EventShowMapLink":false,"_EventURL":"","_EventCost":"","_EventCostDescription":"","_EventCurrencySymbol":"","_EventCurrencyCode":"","_EventCurrencyPosition":"","_EventDateTimeSeparator":"","_EventTimeRangeSeparator":"","_EventOrganizerID":[],"_EventVenueID":[],"_OrganizerEmail":"","_OrganizerPhone":"","_OrganizerWebsite":"","_VenueAddress":"","_VenueCity":"","_VenueCountry":"","_VenueProvince":"","_VenueState":"","_VenueZip":"","_VenuePhone":"","_VenueURL":"","_VenueStateProvince":"","_VenueLat":"","_VenueLng":"","_VenueShowMap":false,"_VenueShowMapLink":false},"categories":[285,34],"tags":[279],"class_list":["post-19429","awf-news","type-awf-news","status-publish","has-post-thumbnail","hentry","category-africa-es","category-news-es","tag-africa-es"],"_links":{"self":[{"href":"https:\/\/awf.world\/es\/wp-json\/wp\/v2\/awf-news\/19429","targetHints":{"allow":["GET"]}}],"collection":[{"href":"https:\/\/awf.world\/es\/wp-json\/wp\/v2\/awf-news"}],"about":[{"href":"https:\/\/awf.world\/es\/wp-json\/wp\/v2\/types\/awf-news"}],"author":[{"embeddable":true,"href":"https:\/\/awf.world\/es\/wp-json\/wp\/v2\/users\/24"}],"wp:featuredmedia":[{"embeddable":true,"href":"https:\/\/awf.world\/es\/wp-json\/wp\/v2\/media\/19427"}],"wp:attachment":[{"href":"https:\/\/awf.world\/es\/wp-json\/wp\/v2\/media?parent=19429"}],"wp:term":[{"taxonomy":"category","embeddable":true,"href":"https:\/\/awf.world\/es\/wp-json\/wp\/v2\/categories?post=19429"},{"taxonomy":"post_tag","embeddable":true,"href":"https:\/\/awf.world\/es\/wp-json\/wp\/v2\/tags?post=19429"}],"curies":[{"name":"wp","href":"https:\/\/api.w.org\/{rel}","templated":true}]}}