{"id":19423,"date":"2018-09-20T09:50:41","date_gmt":"2018-09-20T14:50:41","guid":{"rendered":"http:\/\/awf.world\/awf-news\/conoce-a-michael-baraniak-el-nuevo-presidente-de-la-iglesia-acym-del-reino-unido\/"},"modified":"2018-09-20T09:50:41","modified_gmt":"2018-09-20T14:50:41","slug":"conoce-a-michael-baraniak-el-nuevo-presidente-de-la-iglesia-acym-del-reino-unido","status":"publish","type":"awf-news","link":"https:\/\/awf.world\/es\/awf-news\/conoce-a-michael-baraniak-el-nuevo-presidente-de-la-iglesia-acym-del-reino-unido\/","title":{"rendered":"Conoce a Michael Baraniak, el nuevo Presidente de la Iglesia ACyM del Reino Unido"},"content":{"rendered":"<p>&nbsp;<\/p>\n<h4 style=\"text-align: justify;\">Con m\u00e1s de 40 a\u00f1os de experiencia y dedicaci\u00f3n al trabajo de Dios, Michael Baraniak es el nuevo presidente de la Iglesia ACyM del Reino Unido.<\/h4>\n<p>Michael se cas\u00f3 con Catherine en 1976 y se uni\u00f3 al movimiento de la Alianza en el Reino Unido como plantador de iglesias cuando viv\u00eda en Tamworth, Staffordshire. Ellos tienen tres hijos: Stephen, quien dirige una congregaci\u00f3n cerca de Nottingham; Amy, profesora de Psicolog\u00eda de Salud en Derby University; y Philip, que es un ministro de j\u00f3venes que trabaja con una iglesia en Boston Spa, Yorkshire. Tambi\u00e9n tienen seis nietos.<\/p>\n<p>La pareja se traslad\u00f3 para pastorear la Iglesia Alianza de Ashby en 1980. Durante 1984 &#8211; 1987, Michael dirigi\u00f3 la Alianza en el pa\u00eds. M\u00e1s tarde, en 1989, se mudaron a Long Eaton, Nottinghamshire para pastorear una peque\u00f1a iglesia de la Alianza en la ciudad mientras ense\u00f1aban en las escuelas locales y estudiaban para obtener una Licenciatura en Ciencias Matem\u00e1ticas.<\/p>\n<p>En 1998, Michael volvi\u00f3 a pastorear la iglesia en Ashby y contin\u00faa en este ministerio hasta nuestros d\u00edas. Durante este tiempo, Michael dirigi\u00f3 la Alianza por aproximadamente cinco a\u00f1os hasta 2013 y recientemente asumi\u00f3 el papel de Director en julio de 2018.<\/p>\n","protected":false},"author":24,"featured_media":19421,"template":"","meta":{"inline_featured_image":false,"ngg_post_thumbnail":0,"_EventAllDay":false,"_EventTimezone":"","_EventStartDate":"","_EventEndDate":"","_EventStartDateUTC":"","_EventEndDateUTC":"","_EventShowMap":false,"_EventShowMapLink":false,"_EventURL":"","_EventCost":"","_EventCostDescription":"","_EventCurrencySymbol":"","_EventCurrencyCode":"","_EventCurrencyPosition":"","_EventDateTimeSeparator":"","_EventTimeRangeSeparator":"","_EventOrganizerID":[],"_EventVenueID":[],"_OrganizerEmail":"","_OrganizerPhone":"","_OrganizerWebsite":"","_VenueAddress":"","_VenueCity":"","_VenueCountry":"","_VenueProvince":"","_VenueState":"","_VenueZip":"","_VenuePhone":"","_VenueURL":"","_VenueStateProvince":"","_VenueLat":"","_VenueLng":"","_VenueShowMap":false,"_VenueShowMapLink":false},"categories":[100,34],"tags":[198,202,247,203],"class_list":["post-19423","awf-news","type-awf-news","status-publish","has-post-thumbnail","hentry","category-emerald-es","category-news-es","tag-biografia","tag-emerald-es","tag-gran-bretana","tag-plantacion-de-iglesias"],"_links":{"self":[{"href":"https:\/\/awf.world\/es\/wp-json\/wp\/v2\/awf-news\/19423","targetHints":{"allow":["GET"]}}],"collection":[{"href":"https:\/\/awf.world\/es\/wp-json\/wp\/v2\/awf-news"}],"about":[{"href":"https:\/\/awf.world\/es\/wp-json\/wp\/v2\/types\/awf-news"}],"author":[{"embeddable":true,"href":"https:\/\/awf.world\/es\/wp-json\/wp\/v2\/users\/24"}],"wp:featuredmedia":[{"embeddable":true,"href":"https:\/\/awf.world\/es\/wp-json\/wp\/v2\/media\/19421"}],"wp:attachment":[{"href":"https:\/\/awf.world\/es\/wp-json\/wp\/v2\/media?parent=19423"}],"wp:term":[{"taxonomy":"category","embeddable":true,"href":"https:\/\/awf.world\/es\/wp-json\/wp\/v2\/categories?post=19423"},{"taxonomy":"post_tag","embeddable":true,"href":"https:\/\/awf.world\/es\/wp-json\/wp\/v2\/tags?post=19423"}],"curies":[{"name":"wp","href":"https:\/\/api.w.org\/{rel}","templated":true}]}}