{"id":19278,"date":"2018-07-24T12:35:47","date_gmt":"2018-07-24T17:35:47","guid":{"rendered":"http:\/\/awf.world\/awf-news\/conoce-a-natanael-gil-lamas-el-nuevo-presidente-de-la-iglesia-acym-de-venezuela\/"},"modified":"2018-08-14T13:35:09","modified_gmt":"2018-08-14T18:35:09","slug":"conoce-a-natanael-gil-lamas-el-nuevo-presidente-de-la-iglesia-acym-de-venezuela","status":"publish","type":"awf-news","link":"https:\/\/awf.world\/es\/awf-news\/conoce-a-natanael-gil-lamas-el-nuevo-presidente-de-la-iglesia-acym-de-venezuela\/","title":{"rendered":"Conoce a Natanael Gil Lamas, el nuevo Presidente de la Iglesia ACyM de Venezuela"},"content":{"rendered":"<h6 style=\"text-align: center;\">El Reverendo Natanael Gil Lamas y su esposa Evelyn<\/h6>\n<h4 style=\"text-align: justify;\">Como el nuevo Presidente de la Iglesia Nacional de la ACyM en Venezuela, el Reverendo Natanael Gil Lamas espera que Dios lo use para traer unidad, armon\u00eda y apoyo a las iglesias y ministerios de la ACyM en su pa\u00eds.<\/h4>\n<p>Nacido en enero de 1950, el pastor Natanael Gil Lamas creci\u00f3 en una familia cristiana. Sus abuelos y padres eran creyentes firmes y muy activos en el ministerio del Se\u00f1or. \u00c9l ha estado casado con Evelyn Ampueda de Gil durante 43 a\u00f1os, con quien tuvo tres hijos: Natanael Jr., de 40 a\u00f1os, Rosalyn, de 37, y Nathalie, de 34.<\/p>\n<p>El Reverendo Natanael acept\u00f3 a Jes\u00fas como su Se\u00f1or y Salvador a la edad de 9 a\u00f1os y fue bautizado cuando ten\u00eda 15 a\u00f1os. Desde entonces, estuvo constantemente involucrado en la vida de la iglesia. Se gradu\u00f3 en el Instituto B\u00edblico Alianza de Venezuela (IBAVEN). Ha trabajado como maestro, como consejero matrimonial, coordinador de reuniones matrimoniales y predicador. El 26 de mayo de 2018, fue elegido presidente de la Iglesia ACyM de Venezuela.<\/p>\n<p>En los pr\u00f3ximos cuatro a\u00f1os como presidente, \u00e9l espera ayudar a una de sus iglesias que ha enfrentado muchos problemas debido a las divisiones internas. Adem\u00e1s, \u00e9l desea realmente unir las 12 iglesias de la ACyM en el pa\u00eds. El Reverendo Natanael tambi\u00e9n tiene planes para encontrar diferentes medios para apoyar y ayudar a sus pastores, especialmente en esta \u00e9poca de crisis que enfrenta Venezuela.<\/p>\n<p>Venezuela ha atravesado un momento muy dif\u00edcil en t\u00e9rminos de pol\u00edtica, econom\u00eda y para el evangelio. El Reverendo Natanael describe el pa\u00eds como id\u00f3latra y el satanismo y el espiritismo han estado creciendo all\u00ed. Tambi\u00e9n enfrentan una falta cr\u00edtica de alimentos y suministros m\u00e9dicos, como medicamentos.<\/p>\n<p>Por favor, ore por la situaci\u00f3n del pa\u00eds. Ore tambi\u00e9n por las iglesias, especialmente su iglesia en Maracay. P\u00eddale a Dios que les d\u00e9 la sabidur\u00eda para superar las diferencias y crecer en unidad. Ore tambi\u00e9n por el avance del evangelio en Venezuela.<\/p>\n<p>Tambi\u00e9n ore por el Reverendo Natanael y su familia. Su hija menor, Nathalie, se encuentra en Sevilla, Espa\u00f1a, y el reverendo pide que oremos por su protecci\u00f3n y que encuentre una buena iglesia para congregarse. Su hijo mayor, Natanael Jr. y su familia est\u00e1n en Per\u00fa hace cinco meses y nos pide que oremos por su bienestar.<\/p>\n","protected":false},"author":24,"featured_media":19277,"template":"","meta":{"inline_featured_image":false,"ngg_post_thumbnail":0,"_EventAllDay":false,"_EventTimezone":"","_EventStartDate":"","_EventEndDate":"","_EventStartDateUTC":"","_EventEndDateUTC":"","_EventShowMap":false,"_EventShowMapLink":false,"_EventURL":"","_EventCost":"","_EventCostDescription":"","_EventCurrencySymbol":"","_EventCurrencyCode":"","_EventCurrencyPosition":"","_EventDateTimeSeparator":"","_EventTimeRangeSeparator":"","_EventOrganizerID":[],"_EventVenueID":[],"_OrganizerEmail":"","_OrganizerPhone":"","_OrganizerWebsite":"","_VenueAddress":"","_VenueCity":"","_VenueCountry":"","_VenueProvince":"","_VenueState":"","_VenueZip":"","_VenuePhone":"","_VenueURL":"","_VenueStateProvince":"","_VenueLat":"","_VenueLng":"","_VenueShowMap":false,"_VenueShowMapLink":false},"categories":[99,34],"tags":[198,231],"class_list":["post-19278","awf-news","type-awf-news","status-publish","has-post-thumbnail","hentry","category-latin-america-es","category-news-es","tag-biografia","tag-cla-es"],"_links":{"self":[{"href":"https:\/\/awf.world\/es\/wp-json\/wp\/v2\/awf-news\/19278","targetHints":{"allow":["GET"]}}],"collection":[{"href":"https:\/\/awf.world\/es\/wp-json\/wp\/v2\/awf-news"}],"about":[{"href":"https:\/\/awf.world\/es\/wp-json\/wp\/v2\/types\/awf-news"}],"author":[{"embeddable":true,"href":"https:\/\/awf.world\/es\/wp-json\/wp\/v2\/users\/24"}],"wp:featuredmedia":[{"embeddable":true,"href":"https:\/\/awf.world\/es\/wp-json\/wp\/v2\/media\/19277"}],"wp:attachment":[{"href":"https:\/\/awf.world\/es\/wp-json\/wp\/v2\/media?parent=19278"}],"wp:term":[{"taxonomy":"category","embeddable":true,"href":"https:\/\/awf.world\/es\/wp-json\/wp\/v2\/categories?post=19278"},{"taxonomy":"post_tag","embeddable":true,"href":"https:\/\/awf.world\/es\/wp-json\/wp\/v2\/tags?post=19278"}],"curies":[{"name":"wp","href":"https:\/\/api.w.org\/{rel}","templated":true}]}}