{"id":18958,"date":"2018-07-16T08:37:10","date_gmt":"2018-07-16T13:37:10","guid":{"rendered":"http:\/\/awf.world\/awf-news\/conoce-a-bashar-nimat-el-nuevo-presidente-de-la-iglesia-nacional-de-la-acym-de-jordania\/"},"modified":"2020-11-11T09:37:10","modified_gmt":"2020-11-11T14:37:10","slug":"conoce-a-bashar-nimat-el-nuevo-presidente-de-la-iglesia-nacional-de-la-acym-de-jordania","status":"publish","type":"awf-news","link":"https:\/\/awf.world\/es\/awf-news\/conoce-a-bashar-nimat-el-nuevo-presidente-de-la-iglesia-nacional-de-la-acym-de-jordania\/","title":{"rendered":"Conoce a Bashar Nimat, el nuevo Presidente de la Iglesia Nacional de la ACyM de Jordania y Tierra Santa"},"content":{"rendered":"<h6 style=\"text-align: center;\">El Reverendo Bashar Nimat y su familia<\/h6>\n<h4 style=\"text-align: justify;\">El nuevo presidente de la Iglesia ACyM de Jordania y Tierra Santa, Reverendo Bashar Nimat, tiene un lema: \u201cVivir una vida dedicada a Cristo requiere crecimiento del car\u00e1cter cristiano a trav\u00e9s del discipulado.\u201d Elegido en marzo de 2018, \u00e9l desea no s\u00f3lo ver a la gente siendo salva, sino viviendo una vida plena por Cristo.<\/h4>\n<p>El Reverendo Bashar Nimat naci\u00f3 en 1971 y est\u00e1 casado con Reem. La pareja tiene dos ni\u00f1os maravillosos, Naser, de 13 a\u00f1os y Samer, de 11 a\u00f1os. \u00c9l ha estado trabajando con la Iglesia ACyM en Jordania desde 1990 y ha hecho trabajo social, adem\u00e1s de liderar un ministerio de j\u00f3venes.<\/p>\n<p>Despu\u00e9s de haber asistido a un grupo de estudio b\u00edblico en la casa de un creyente durante aproximadamente dos a\u00f1os, acept\u00f3 a Cristo Jes\u00fas como su Se\u00f1or y Salvador en febrero de 1988. Fue entonces cuando comenz\u00f3 su jornada de discipulado. En diciembre de 1990, se fue a un viaje de evangelismo fuera de Jordania que dur\u00f3 un mes; en ese momento, el Se\u00f1or le habl\u00f3 y \u00e9l se dedic\u00f3 a Su servicio.<\/p>\n<p>\u00c9l estudi\u00f3 en el Instituto de Teolog\u00eda de la Alianza Cristiana (Christian Alliance Institute of Theology &#8211; CAIT) en Beirut, L\u00edbano, donde recibi\u00f3 un Certificado de Teolog\u00eda (1992-1994). Despu\u00e9s de su graduaci\u00f3n del CAIT, regres\u00f3 a Jordania para servir en el ministerio de ni\u00f1os y j\u00f3venes, as\u00ed como para ayudar a pastorear en la Iglesia de Marj El-Haman. Tambi\u00e9n particip\u00f3 en la plantaci\u00f3n de la Iglesia ACyM Yadoudeh.<\/p>\n<p>En 2017, el Reverendo Nimat se convirti\u00f3 en el Pastor Titular de la Iglesia Nacional de la ACyM en el S\u00e9ptimo C\u00edrculo en Amman, Jordania. Bajo su liderazgo, la iglesia ha adoptado la misi\u00f3n de conocer y proclamar a Jesucristo como Salvador, Santificador, Sanador y Rey que Viene y completar Su Gran Comisi\u00f3n.<\/p>\n<p>El Pastor Nimat tiene una pasi\u00f3n por los ni\u00f1os, j\u00f3venes y ministerios de discipulado. \u00c9l cree que el futuro de la iglesia evang\u00e9lica en Jordania son los ni\u00f1os y j\u00f3venes. \u00c9l desea no s\u00f3lo ver a la gente siendo salva, sino viviendo una vida plena para Cristo. Su lema es: \u201cVivir una vida dedicada a Cristo requiere crecimiento del car\u00e1cter cristiano a trav\u00e9s del discipulado.\u201d<\/p>\n","protected":false},"author":24,"featured_media":18962,"template":"","meta":{"inline_featured_image":false,"ngg_post_thumbnail":0,"_EventAllDay":false,"_EventTimezone":"","_EventStartDate":"","_EventEndDate":"","_EventStartDateUTC":"","_EventEndDateUTC":"","_EventShowMap":false,"_EventShowMapLink":false,"_EventURL":"","_EventCost":"","_EventCostDescription":"","_EventCurrencySymbol":"","_EventCurrencyCode":"","_EventCurrencyPosition":"","_EventDateTimeSeparator":"","_EventTimeRangeSeparator":"","_EventOrganizerID":[],"_EventVenueID":[],"_OrganizerEmail":"","_OrganizerPhone":"","_OrganizerWebsite":"","_VenueAddress":"","_VenueCity":"","_VenueCountry":"","_VenueProvince":"","_VenueState":"","_VenueZip":"","_VenuePhone":"","_VenueURL":"","_VenueStateProvince":"","_VenueLat":"","_VenueLng":"","_VenueShowMap":false,"_VenueShowMapLink":false},"categories":[100,34],"tags":[198,244],"class_list":["post-18958","awf-news","type-awf-news","status-publish","has-post-thumbnail","hentry","category-emerald-es","category-news-es","tag-biografia","tag-jordania-es"],"_links":{"self":[{"href":"https:\/\/awf.world\/es\/wp-json\/wp\/v2\/awf-news\/18958","targetHints":{"allow":["GET"]}}],"collection":[{"href":"https:\/\/awf.world\/es\/wp-json\/wp\/v2\/awf-news"}],"about":[{"href":"https:\/\/awf.world\/es\/wp-json\/wp\/v2\/types\/awf-news"}],"author":[{"embeddable":true,"href":"https:\/\/awf.world\/es\/wp-json\/wp\/v2\/users\/24"}],"wp:featuredmedia":[{"embeddable":true,"href":"https:\/\/awf.world\/es\/wp-json\/wp\/v2\/media\/18962"}],"wp:attachment":[{"href":"https:\/\/awf.world\/es\/wp-json\/wp\/v2\/media?parent=18958"}],"wp:term":[{"taxonomy":"category","embeddable":true,"href":"https:\/\/awf.world\/es\/wp-json\/wp\/v2\/categories?post=18958"},{"taxonomy":"post_tag","embeddable":true,"href":"https:\/\/awf.world\/es\/wp-json\/wp\/v2\/tags?post=18958"}],"curies":[{"name":"wp","href":"https:\/\/api.w.org\/{rel}","templated":true}]}}