{"id":18952,"date":"2018-07-16T08:16:10","date_gmt":"2018-07-16T13:16:10","guid":{"rendered":"http:\/\/awf.world\/awf-news\/el-instituto-cristiano-de-teologia-de-la-alianza-en-beirut-libano-lleva-a-cabo-su-ceremonia-de-graduacion-el-20-de-junio\/"},"modified":"2018-07-19T15:05:11","modified_gmt":"2018-07-19T20:05:11","slug":"el-instituto-cristiano-de-teologia-de-la-alianza-en-beirut-libano-lleva-a-cabo-su-ceremonia-de-graduacion-el-20-de-junio","status":"publish","type":"awf-news","link":"https:\/\/awf.world\/es\/awf-news\/el-instituto-cristiano-de-teologia-de-la-alianza-en-beirut-libano-lleva-a-cabo-su-ceremonia-de-graduacion-el-20-de-junio\/","title":{"rendered":"El Instituto de Teolog\u00eda de la Alianza Cristiana en Beirut, L\u00edbano, lleva a cabo su Ceremonia de Graduaci\u00f3n el 20 de junio"},"content":{"rendered":"<h6 style=\"text-align: center;\">El Reverendo Shahatit (izquierda) con los graduados del CAIT<\/h6>\n<h4 style=\"text-align: justify;\">El Reverendo Munther Shahatit asisti\u00f3 a la duod\u00e9cima graduaci\u00f3n del Instituto de Teolog\u00eda de la Alianza Cristiana (Christian Alliance Institute of Theology &#8211; CAIT) en Beirut, L\u00edbano, en junio de 2018. La ceremonia trajo recuerdos.<\/h4>\n<p>Durante su viaje al L\u00edbano, Dios le dio al Reverendo Munther Shahatit el honor de asistir a la duod\u00e9cima graduaci\u00f3n del Instituto de Teolog\u00eda de la Alianza Cristiana (Christian Alliance Institute of Theology &#8211; CAIT) en junio de 2018, donde se graduaron cuatro estudiantes de la ACyM. El CAIT, ubicado en Beirut, es una historia de \u00e9xito que demuestra el trabajo de la Iglesia ACyM en el L\u00edbano, que comenz\u00f3 hace 30 a\u00f1os. El Reverendo Munther es uno de los primeros estudiantes que asistieron al CAIT. Se gradu\u00f3 en 1994 y ahora es profesor adjunto en el Instituto.<\/p>\n<p>Decenas de graduados del CAIT est\u00e1n ahora fuertemente involucrados en el trabajo del Reino en la iglesia ACyM en la regi\u00f3n. El Dr. Reverendo Milad Dagher, presidente de la Iglesia ACyM en L\u00edbano, lidera el CAIT de una manera que prepara a los estudiantes para crecer en conocer y amar al Se\u00f1or y a Su iglesia profundamente. Es por eso que la mayor\u00eda de los graduados est\u00e1n ahora en el ministerio.<\/p>\n<p>Por favor ore por el CAIT, su liderazgo, el personal y los estudiantes.<\/p>\n","protected":false},"author":24,"featured_media":18951,"template":"","meta":{"inline_featured_image":false,"ngg_post_thumbnail":0,"_EventAllDay":false,"_EventTimezone":"","_EventStartDate":"","_EventEndDate":"","_EventStartDateUTC":"","_EventEndDateUTC":"","_EventShowMap":false,"_EventShowMapLink":false,"_EventURL":"","_EventCost":"","_EventCostDescription":"","_EventCurrencySymbol":"","_EventCurrencyCode":"","_EventCurrencyPosition":"","_EventDateTimeSeparator":"","_EventTimeRangeSeparator":"","_EventOrganizerID":[],"_EventVenueID":[],"_OrganizerEmail":"","_OrganizerPhone":"","_OrganizerWebsite":"","_VenueAddress":"","_VenueCity":"","_VenueCountry":"","_VenueProvince":"","_VenueState":"","_VenueZip":"","_VenuePhone":"","_VenueURL":"","_VenueStateProvince":"","_VenueLat":"","_VenueLng":"","_VenueShowMap":false,"_VenueShowMapLink":false},"categories":[100,34],"tags":[232,202],"class_list":["post-18952","awf-news","type-awf-news","status-publish","has-post-thumbnail","hentry","category-emerald-es","category-news-es","tag-educacion-teologica","tag-emerald-es"],"_links":{"self":[{"href":"https:\/\/awf.world\/es\/wp-json\/wp\/v2\/awf-news\/18952","targetHints":{"allow":["GET"]}}],"collection":[{"href":"https:\/\/awf.world\/es\/wp-json\/wp\/v2\/awf-news"}],"about":[{"href":"https:\/\/awf.world\/es\/wp-json\/wp\/v2\/types\/awf-news"}],"author":[{"embeddable":true,"href":"https:\/\/awf.world\/es\/wp-json\/wp\/v2\/users\/24"}],"wp:featuredmedia":[{"embeddable":true,"href":"https:\/\/awf.world\/es\/wp-json\/wp\/v2\/media\/18951"}],"wp:attachment":[{"href":"https:\/\/awf.world\/es\/wp-json\/wp\/v2\/media?parent=18952"}],"wp:term":[{"taxonomy":"category","embeddable":true,"href":"https:\/\/awf.world\/es\/wp-json\/wp\/v2\/categories?post=18952"},{"taxonomy":"post_tag","embeddable":true,"href":"https:\/\/awf.world\/es\/wp-json\/wp\/v2\/tags?post=18952"}],"curies":[{"name":"wp","href":"https:\/\/api.w.org\/{rel}","templated":true}]}}