{"id":18935,"date":"2018-07-12T09:46:09","date_gmt":"2018-07-12T14:46:09","guid":{"rendered":"http:\/\/awf.world\/awf-news\/actualizaciones-de-la-region-emerald-europa-y-medio-oriente-visita-a-erbil\/"},"modified":"2018-07-16T07:30:28","modified_gmt":"2018-07-16T12:30:28","slug":"actualizaciones-de-la-region-emerald-europa-y-medio-oriente-visita-a-erbil","status":"publish","type":"awf-news","link":"https:\/\/awf.world\/es\/awf-news\/actualizaciones-de-la-region-emerald-europa-y-medio-oriente-visita-a-erbil\/","title":{"rendered":"La Iglesia ACyM de Erbil Ampl\u00eda Su Alcance"},"content":{"rendered":"<h6 style=\"text-align: center;\">Rev. Munther Shahatit (camisa blanca) y Rev. Malath (camisa morada)<\/h6>\n<h4 style=\"text-align: justify;\">La Iglesia ACyM de Erbil est\u00e1 trayendo mucha gente a Cristo y expandiendo su alcance a medida que esos nuevos creyentes regresan a las ciudades anteriormente ocupadas por ISIS para comenzar una nueva iglesia.<\/h4>\n<p>En una visita reciente a Iraq, el Reverendo Munther Shahatit predic\u00f3 en la Iglesia ACyM en Erbil y anim\u00f3 a sus miembros. \u00c9l dice que la sala estaba llena de gente, muchos de los cuales hab\u00edan comenzado a asistir a la iglesia despu\u00e9s de huir de ISIS. \u00c9 dice: \u201cEllos llegaron a conocer al Se\u00f1or y cambiaron en medio de su crisis, \u00a1incre\u00edble!\u201d<\/p>\n<p>El pastor de la iglesia, el Reverendo Malath, est\u00e1 invirtiendo su tiempo para construir su congregaci\u00f3n centr\u00e1ndose cada vez m\u00e1s en la tutor\u00eda de nuevos l\u00edderes. Un gran avance es que algunas de las familias mencionadas anteriormente volvieron a sus lugares despu\u00e9s de que el grupo ISIS que ocupaba el \u00e1rea fuera expulsado. La iglesia usa el Evangelio y la visi\u00f3n de la iglesia para ayudar a esas familias a comenzar una nueva iglesia.<\/p>\n<p>Por favor, ore por el Reverendo Malath y su familia, por los l\u00edderes de la iglesia, su visi\u00f3n y sus necesidades espirituales y financieras.<\/p>\n","protected":false},"author":24,"featured_media":18933,"template":"","meta":{"inline_featured_image":false,"ngg_post_thumbnail":0,"_EventAllDay":false,"_EventTimezone":"","_EventStartDate":"","_EventEndDate":"","_EventStartDateUTC":"","_EventEndDateUTC":"","_EventShowMap":false,"_EventShowMapLink":false,"_EventURL":"","_EventCost":"","_EventCostDescription":"","_EventCurrencySymbol":"","_EventCurrencyCode":"","_EventCurrencyPosition":"","_EventDateTimeSeparator":"","_EventTimeRangeSeparator":"","_EventOrganizerID":[],"_EventVenueID":[],"_OrganizerEmail":"","_OrganizerPhone":"","_OrganizerWebsite":"","_VenueAddress":"","_VenueCity":"","_VenueCountry":"","_VenueProvince":"","_VenueState":"","_VenueZip":"","_VenuePhone":"","_VenueURL":"","_VenueStateProvince":"","_VenueLat":"","_VenueLng":"","_VenueShowMap":false,"_VenueShowMapLink":false},"categories":[100,34],"tags":[202,203],"class_list":["post-18935","awf-news","type-awf-news","status-publish","has-post-thumbnail","hentry","category-emerald-es","category-news-es","tag-emerald-es","tag-plantacion-de-iglesias"],"_links":{"self":[{"href":"https:\/\/awf.world\/es\/wp-json\/wp\/v2\/awf-news\/18935","targetHints":{"allow":["GET"]}}],"collection":[{"href":"https:\/\/awf.world\/es\/wp-json\/wp\/v2\/awf-news"}],"about":[{"href":"https:\/\/awf.world\/es\/wp-json\/wp\/v2\/types\/awf-news"}],"author":[{"embeddable":true,"href":"https:\/\/awf.world\/es\/wp-json\/wp\/v2\/users\/24"}],"wp:featuredmedia":[{"embeddable":true,"href":"https:\/\/awf.world\/es\/wp-json\/wp\/v2\/media\/18933"}],"wp:attachment":[{"href":"https:\/\/awf.world\/es\/wp-json\/wp\/v2\/media?parent=18935"}],"wp:term":[{"taxonomy":"category","embeddable":true,"href":"https:\/\/awf.world\/es\/wp-json\/wp\/v2\/categories?post=18935"},{"taxonomy":"post_tag","embeddable":true,"href":"https:\/\/awf.world\/es\/wp-json\/wp\/v2\/tags?post=18935"}],"curies":[{"name":"wp","href":"https:\/\/api.w.org\/{rel}","templated":true}]}}