{"id":18890,"date":"2018-06-29T14:10:50","date_gmt":"2018-06-29T19:10:50","guid":{"rendered":"http:\/\/awf.world\/awf-news\/la-conferencia-nafi-reunira-a-los-ministerios-relacionados-con-la-alianza-en-india-en-mayo-de-2019\/"},"modified":"2018-06-29T17:17:11","modified_gmt":"2018-06-29T22:17:11","slug":"la-conferencia-nafi-reunira-a-los-ministerios-relacionados-con-la-alianza-en-india-en-mayo-de-2019","status":"publish","type":"awf-news","link":"https:\/\/awf.world\/es\/awf-news\/la-conferencia-nafi-reunira-a-los-ministerios-relacionados-con-la-alianza-en-india-en-mayo-de-2019\/","title":{"rendered":"La Conferencia NAFI reunir\u00e1 a los ministerios relacionados con la Alianza en la India en mayo de 2019"},"content":{"rendered":"<figure id=\"attachment_18877\" aria-describedby=\"caption-attachment-18877\" style=\"width: 413px\" class=\"wp-caption aligncenter\"><img loading=\"lazy\" decoding=\"async\" class=\"wp-image-18877 size-full\" src=\"http:\/\/awf.world\/wp-content\/uploads\/2018\/06\/NAFI-e1530299602653.png\" alt=\"\" width=\"413\" height=\"307\" \/><figcaption id=\"caption-attachment-18877\" class=\"wp-caption-text\">De izquierda a derecha: Rajesh Patole, Atul Aghamkar, Prabhakar Makasare, Roland Lumawag (Coordinador Regional de la AWF para APAC), Yakob Ingle, David Christian, Stenly Christian<\/figcaption><\/figure>\n<h4 style=\"text-align: justify;\">En las Solicitudes de Oraci\u00f3n de la AWF de mayo, oramos por la primera reuni\u00f3n del Comit\u00e9 de Coordinaci\u00f3n de la Confraternidad Nacional de la Alianza de la India (National Alliance Fellowship of India &#8211; NAFI). Dios respondi\u00f3 nuestras oraciones y los l\u00edderes presentes tuvieron un tiempo fruct\u00edfero y bendecido juntos.<\/h4>\n<p>Para la gloria de nuestro Dios, despu\u00e9s de la declaraci\u00f3n oficial de la Confraternidad Nacional de la Alianza de la India (National Alliance Fellowship of India &#8211; NAFI) el 12 de noviembre de 2017, en Ahmedabad, Gujarat, el comit\u00e9 coordinador de NAFI celebr\u00f3 su primera reuni\u00f3n los d\u00edas 21 y 23 de mayo de 2018 en Mumbai.<\/p>\n<p>Uno de los destaques de ese encuentro fue la bendici\u00f3n que trajo a los presentes. Los seis l\u00edderes indios que participaron, cinco de los cuales representaban a las iglesias de la Alianza en la India, tuvieron la oportunidad de orar unos por otros y aprender m\u00e1s sobre los otros tanto individual como ministerialmente. Tambi\u00e9n pudieron orar como un equipo. El entusiasmo estaba presente mientras disfrutaban del tiempo juntos.<\/p>\n<p>Adem\u00e1s del maravilloso tiempo que pasaron juntos, el equipo decidi\u00f3 por unanimidad organizar una conferencia de la NAFI en mayo de 2019. El evento ser\u00e1 para todos los l\u00edderes que est\u00e1n involucrados en cualquier ministerio relacionado con la Alianza en India. El comit\u00e9 coordinador comenzar\u00e1 a recopilar datos y a prepararse para la conferencia. Oremos para que Dios les d\u00e9 fuerza y sabidur\u00eda para preparar esta reuni\u00f3n.<\/p>\n","protected":false},"author":24,"featured_media":18879,"template":"","meta":{"inline_featured_image":false,"ngg_post_thumbnail":0,"_EventAllDay":false,"_EventTimezone":"","_EventStartDate":"","_EventEndDate":"","_EventStartDateUTC":"","_EventEndDateUTC":"","_EventShowMap":false,"_EventShowMapLink":false,"_EventURL":"","_EventCost":"","_EventCostDescription":"","_EventCurrencySymbol":"","_EventCurrencyCode":"","_EventCurrencyPosition":"","_EventDateTimeSeparator":"","_EventTimeRangeSeparator":"","_EventOrganizerID":[],"_EventVenueID":[],"_OrganizerEmail":"","_OrganizerPhone":"","_OrganizerWebsite":"","_VenueAddress":"","_VenueCity":"","_VenueCountry":"","_VenueProvince":"","_VenueState":"","_VenueZip":"","_VenuePhone":"","_VenueURL":"","_VenueStateProvince":"","_VenueLat":"","_VenueLng":"","_VenueShowMap":false,"_VenueShowMapLink":false},"categories":[106,34],"tags":[199,253,261,205],"class_list":["post-18890","awf-news","type-awf-news","status-publish","has-post-thumbnail","hentry","category-apac-es","category-news-es","tag-apac-es","tag-cuidado-pastoral","tag-india-es","tag-liderazgo"],"_links":{"self":[{"href":"https:\/\/awf.world\/es\/wp-json\/wp\/v2\/awf-news\/18890","targetHints":{"allow":["GET"]}}],"collection":[{"href":"https:\/\/awf.world\/es\/wp-json\/wp\/v2\/awf-news"}],"about":[{"href":"https:\/\/awf.world\/es\/wp-json\/wp\/v2\/types\/awf-news"}],"author":[{"embeddable":true,"href":"https:\/\/awf.world\/es\/wp-json\/wp\/v2\/users\/24"}],"wp:featuredmedia":[{"embeddable":true,"href":"https:\/\/awf.world\/es\/wp-json\/wp\/v2\/media\/18879"}],"wp:attachment":[{"href":"https:\/\/awf.world\/es\/wp-json\/wp\/v2\/media?parent=18890"}],"wp:term":[{"taxonomy":"category","embeddable":true,"href":"https:\/\/awf.world\/es\/wp-json\/wp\/v2\/categories?post=18890"},{"taxonomy":"post_tag","embeddable":true,"href":"https:\/\/awf.world\/es\/wp-json\/wp\/v2\/tags?post=18890"}],"curies":[{"name":"wp","href":"https:\/\/api.w.org\/{rel}","templated":true}]}}