{"id":18889,"date":"2018-06-29T13:56:07","date_gmt":"2018-06-29T18:56:07","guid":{"rendered":"http:\/\/awf.world\/awf-news\/alcanzando-arabes-en-ciudades-alemanas-para-cristo\/"},"modified":"2018-06-29T13:56:07","modified_gmt":"2018-06-29T18:56:07","slug":"alcanzando-arabes-en-ciudades-alemanas-para-cristo","status":"publish","type":"awf-news","link":"https:\/\/awf.world\/es\/awf-news\/alcanzando-arabes-en-ciudades-alemanas-para-cristo\/","title":{"rendered":"Alcanzando \u00e1rabes en ciudades alemanas para Cristo"},"content":{"rendered":"<p style=\"text-align: center;\">El Presidente de la AWF Jura Yanagihara predicando en el Culto dominical de la Iglesia \u00e1rabe en Berl\u00edn, Alemania<\/p>\n<h4 style=\"text-align: justify;\">La Alianza en Alemania est\u00e1 concentrando sus esfuerzos para alcanzar inmigrantes y refugiados de lengua \u00e1rabe de origen musulm\u00e1n en Berl\u00edn y Koblenz para Cristo.<\/h4>\n<figure id=\"attachment_18873\" aria-describedby=\"caption-attachment-18873\" style=\"width: 300px\" class=\"wp-caption alignleft\"><img loading=\"lazy\" decoding=\"async\" class=\"wp-image-18873 size-medium\" src=\"http:\/\/awf.world\/wp-content\/uploads\/2018\/06\/Arabs-in-Germany_2018-062-300x225.jpg\" alt=\"\" width=\"300\" height=\"225\" \/><figcaption id=\"caption-attachment-18873\" class=\"wp-caption-text\">El Presidente Jura se re\u00fane con los l\u00edderes del Ministerio del Faro en Berl\u00edn.<br \/>Pr. George Dakkak (camiseta negra), Pr. Geryes (camisa blanca)<\/figcaption><\/figure>\n<p>En Berl\u00edn, el Ministerio del Faro (Lighthouse Ministry) fue iniciado por Darrell y Cheryl Phenicie, buscando llevar el evangelio y el amor de Dios a la comunidad \u00e1rabe en la ciudad. Ellos han abierto centros similares en L\u00edbano, Jordania, T\u00fanez e Irak como obreros internacionales enviados por la ACyM de EE. UU. Ahora, el centro es liderado por un pastor de la Alianza siria, George Dakkak, un cantante bastante conocido en la Iglesia \u00c1rabe.<\/p>\n<p>George era un cristiano nominal que fue llevado a un encuentro personal con Jesucristo por un hermano \u00e1rabe de origen musulm\u00e1n. Esto lo llev\u00f3 a amar a los musulmanes y Dios puso en su coraz\u00f3n el deseo de alcanzarlos a Cristo. Es interesante notar que las personas que comenzaron a frecuentar recientemente el culto dominical de la Iglesia son iraqu\u00edes. Un creyente de origen musulm\u00e1n chi\u00edta comenz\u00f3 a frecuentar la iglesia y pidi\u00f3 ser bautizado.<\/p>\n<p>El ministerio en Koblenz es liderado por Geryes, un pastor de la Alianza libanesa, que est\u00e1 ayudando a refugiados kurdos y \u00e1rabes a encontrar su nueva identidad en Cristo. El foco de este ministerio son los grupos de discipulado y las reuniones de oraci\u00f3n que les permiten estudiar la Biblia y profundizar su relaci\u00f3n personal a medida que los cristianos y las personas abiertas al evangelio se re\u00fanen para orar.<\/p>\n<p>Oremos por los pastores y l\u00edderes de estos ministerios mientras proclaman a Cristo a la di\u00e1spora \u00e1rabe en Alemania.<\/p>\n","protected":false},"author":24,"featured_media":18872,"template":"","meta":{"inline_featured_image":false,"ngg_post_thumbnail":0,"_EventAllDay":false,"_EventTimezone":"","_EventStartDate":"","_EventEndDate":"","_EventStartDateUTC":"","_EventEndDateUTC":"","_EventShowMap":false,"_EventShowMapLink":false,"_EventURL":"","_EventCost":"","_EventCostDescription":"","_EventCurrencySymbol":"","_EventCurrencyCode":"","_EventCurrencyPosition":"","_EventDateTimeSeparator":"","_EventTimeRangeSeparator":"","_EventOrganizerID":[],"_EventVenueID":[],"_OrganizerEmail":"","_OrganizerPhone":"","_OrganizerWebsite":"","_VenueAddress":"","_VenueCity":"","_VenueCountry":"","_VenueProvince":"","_VenueState":"","_VenueZip":"","_VenuePhone":"","_VenueURL":"","_VenueStateProvince":"","_VenueLat":"","_VenueLng":"","_VenueShowMap":false,"_VenueShowMapLink":false},"categories":[100,34],"tags":[245,258,202],"class_list":["post-18889","awf-news","type-awf-news","status-publish","has-post-thumbnail","hentry","category-emerald-es","category-news-es","tag-alemania","tag-diaspora-es","tag-emerald-es"],"_links":{"self":[{"href":"https:\/\/awf.world\/es\/wp-json\/wp\/v2\/awf-news\/18889","targetHints":{"allow":["GET"]}}],"collection":[{"href":"https:\/\/awf.world\/es\/wp-json\/wp\/v2\/awf-news"}],"about":[{"href":"https:\/\/awf.world\/es\/wp-json\/wp\/v2\/types\/awf-news"}],"author":[{"embeddable":true,"href":"https:\/\/awf.world\/es\/wp-json\/wp\/v2\/users\/24"}],"wp:featuredmedia":[{"embeddable":true,"href":"https:\/\/awf.world\/es\/wp-json\/wp\/v2\/media\/18872"}],"wp:attachment":[{"href":"https:\/\/awf.world\/es\/wp-json\/wp\/v2\/media?parent=18889"}],"wp:term":[{"taxonomy":"category","embeddable":true,"href":"https:\/\/awf.world\/es\/wp-json\/wp\/v2\/categories?post=18889"},{"taxonomy":"post_tag","embeddable":true,"href":"https:\/\/awf.world\/es\/wp-json\/wp\/v2\/tags?post=18889"}],"curies":[{"name":"wp","href":"https:\/\/api.w.org\/{rel}","templated":true}]}}