{"id":18691,"date":"2018-05-30T09:48:38","date_gmt":"2018-05-30T14:48:38","guid":{"rendered":"http:\/\/awf.world\/awf-news\/asociaciones-en-guinea-ecuatorial\/"},"modified":"2018-05-30T15:19:54","modified_gmt":"2018-05-30T20:19:54","slug":"asociaciones-en-guinea-ecuatorial","status":"publish","type":"awf-news","link":"https:\/\/awf.world\/es\/awf-news\/asociaciones-en-guinea-ecuatorial\/","title":{"rendered":"Asociaciones en Guinea Ecuatorial"},"content":{"rendered":"<p>&nbsp;<\/p>\n<p>&nbsp;<\/p>\n<h4 style=\"text-align: justify;\">El Reverendo Victor Ndoukou Moukoko, presidente de ACyM de Gab\u00f3n, y el Pastor Pedro Micha Obama, de Guinea Ecuatorial, se est\u00e1n uniendo para expandir el Reino de Dios en toda la regi\u00f3n de \u00c1frica Occidental.<\/h4>\n<p>Guinea Ecuatorial es un pa\u00eds peque\u00f1o con una diversidad \u00e9tnica considerable. La mayor\u00eda de la poblaci\u00f3n (se estima que el 85%) es descendiente de los Fang, pero hay muchas m\u00e1s etnias diferentes representadas en el pa\u00eds. Ya fue una colonia espa\u00f1ola y francesa, por lo que ambos idiomas se hablan all\u00ed. Aunque se lo conoce como un pa\u00eds nominalmente cristiano, es predominantemente cat\u00f3lico con muchas pr\u00e1cticas paganas.<\/p>\n<p><img loading=\"lazy\" decoding=\"async\" class=\"alignleft size-medium wp-image-18688\" src=\"http:\/\/awf.world\/wp-content\/uploads\/2018\/05\/Equatorial-Guinea_Foto2-300x146.jpg\" alt=\"\" width=\"300\" height=\"146\" srcset=\"https:\/\/awf.world\/wp-content\/uploads\/2018\/05\/Equatorial-Guinea_Foto2-300x146.jpg 300w, https:\/\/awf.world\/wp-content\/uploads\/2018\/05\/Equatorial-Guinea_Foto2-285x138.jpg 285w, https:\/\/awf.world\/wp-content\/uploads\/2018\/05\/Equatorial-Guinea_Foto2.jpg 443w\" sizes=\"auto, (max-width: 300px) 100vw, 300px\" \/><\/p>\n<p>El Reverendo Victor Ndoukou Moukoko, presidente de la ACyM de Gab\u00f3n, se ha estado reuniendo y hablando con el Pastor Pedro Micha Obama. La iglesia est\u00e1 negociando con \u00e9l acerca de trabajar para la iglesia en Guinea Ecuatorial. Y, alabado sea el Se\u00f1or, el 14 de marzo se realiz\u00f3 un servicio en la iglesia del Pastor Micha Obama en honor a la delegaci\u00f3n misionera que estaba de visita.<\/p>\n<p>&nbsp;<\/p>\n<p><img loading=\"lazy\" decoding=\"async\" class=\"alignright size-medium wp-image-18689\" src=\"http:\/\/awf.world\/wp-content\/uploads\/2018\/05\/Equatorial-Guinea_Foto3-300x225.jpg\" alt=\"\" width=\"300\" height=\"225\" srcset=\"https:\/\/awf.world\/wp-content\/uploads\/2018\/05\/Equatorial-Guinea_Foto3-300x225.jpg 300w, https:\/\/awf.world\/wp-content\/uploads\/2018\/05\/Equatorial-Guinea_Foto3-272x204.jpg 272w, https:\/\/awf.world\/wp-content\/uploads\/2018\/05\/Equatorial-Guinea_Foto3.jpg 454w\" sizes=\"auto, (max-width: 300px) 100vw, 300px\" \/><\/p>\n<p>Adem\u00e1s de eso, la construcci\u00f3n de la iglesia de Malabo se est\u00e1 reiniciando, gracias al apoyo de la pareja misionera Ondo y Eva, que han sido de gran ayuda.<\/p>\n<p>&nbsp;<\/p>\n<p>Oremos para que el proyecto contin\u00fae de manera constante y para que su asociaci\u00f3n con la ACyM de Gab\u00f3n demuestre ser una bendici\u00f3n tanto para las iglesias como para las personas alrededor de ellas.<\/p>\n","protected":false},"author":24,"featured_media":18703,"template":"","meta":{"inline_featured_image":false,"ngg_post_thumbnail":0,"_EventAllDay":false,"_EventTimezone":"","_EventStartDate":"","_EventEndDate":"","_EventStartDateUTC":"","_EventEndDateUTC":"","_EventShowMap":false,"_EventShowMapLink":false,"_EventURL":"","_EventCost":"","_EventCostDescription":"","_EventCurrencySymbol":"","_EventCurrencyCode":"","_EventCurrencyPosition":"","_EventDateTimeSeparator":"","_EventTimeRangeSeparator":"","_EventOrganizerID":[],"_EventVenueID":[],"_OrganizerEmail":"","_OrganizerPhone":"","_OrganizerWebsite":"","_VenueAddress":"","_VenueCity":"","_VenueCountry":"","_VenueProvince":"","_VenueState":"","_VenueZip":"","_VenuePhone":"","_VenueURL":"","_VenueStateProvince":"","_VenueLat":"","_VenueLng":"","_VenueShowMap":false,"_VenueShowMapLink":false},"categories":[285,34],"tags":[279,203],"class_list":["post-18691","awf-news","type-awf-news","status-publish","has-post-thumbnail","hentry","category-africa-es","category-news-es","tag-africa-es","tag-plantacion-de-iglesias"],"_links":{"self":[{"href":"https:\/\/awf.world\/es\/wp-json\/wp\/v2\/awf-news\/18691","targetHints":{"allow":["GET"]}}],"collection":[{"href":"https:\/\/awf.world\/es\/wp-json\/wp\/v2\/awf-news"}],"about":[{"href":"https:\/\/awf.world\/es\/wp-json\/wp\/v2\/types\/awf-news"}],"author":[{"embeddable":true,"href":"https:\/\/awf.world\/es\/wp-json\/wp\/v2\/users\/24"}],"wp:featuredmedia":[{"embeddable":true,"href":"https:\/\/awf.world\/es\/wp-json\/wp\/v2\/media\/18703"}],"wp:attachment":[{"href":"https:\/\/awf.world\/es\/wp-json\/wp\/v2\/media?parent=18691"}],"wp:term":[{"taxonomy":"category","embeddable":true,"href":"https:\/\/awf.world\/es\/wp-json\/wp\/v2\/categories?post=18691"},{"taxonomy":"post_tag","embeddable":true,"href":"https:\/\/awf.world\/es\/wp-json\/wp\/v2\/tags?post=18691"}],"curies":[{"name":"wp","href":"https:\/\/api.w.org\/{rel}","templated":true}]}}