{"id":18369,"date":"2018-04-30T17:02:24","date_gmt":"2018-04-30T22:02:24","guid":{"rendered":"http:\/\/awf.world\/awf-news\/asociacion-y-unidad-en-africa\/"},"modified":"2018-04-30T17:02:24","modified_gmt":"2018-04-30T22:02:24","slug":"asociacion-y-unidad-en-africa","status":"publish","type":"awf-news","link":"https:\/\/awf.world\/es\/awf-news\/asociacion-y-unidad-en-africa\/","title":{"rendered":"Asociaci\u00f3n y Unidad en \u00c1frica"},"content":{"rendered":"<p>&nbsp;<\/p>\n<h4 style=\"text-align: justify;\">La ACyM de Costa de Marfil es una de las iglesias m\u00e1s vibrantes de la Alianza en \u00c1frica y est\u00e1 cruzando sus fronteras para ministrar a otras naciones. Por favor, ore por el liderazgo de la Iglesia Alianza Nacional a medida que inician nuevas iglesias dentro y fuera del pa\u00eds y planifican nuevos proyectos de desarrollo comunitario.<\/h4>\n<p>En su carta a los filipenses, Pablo y Timoteo hablan con alegr\u00eda sobre la ayuda y la asociaci\u00f3n de la iglesia filipense en el evangelio: \u201cDoy gracias a mi Dios siempre que me acuerdo de vosotros. Siempre en todas mis oraciones ruego con gozo por todos vosotros, por vuestra comuni\u00f3n en el evangelio desde el primer d\u00eda hasta ahora\u201d. (Filipenses 1:3-5 [RV95]). Pablo tambi\u00e9n menciona a los Efesios la unidad del Esp\u00edritu y el v\u00ednculo entre hermanos y hermanas en la fe (Efesios 4:2-3 [RV95]).<\/p>\n<p>Otra palabra para &#8216;v\u00ednculo&#8217; es alianza. La Palabra de Dios nos dice que somos un cuerpo en Cristo. Esto nos lleva a algo que sucedi\u00f3 recientemente:<\/p>\n<p>Un viaje de cinco d\u00edas a Senegal, liderado por el Reverendo Celestin Koffi, Coordinador Regional de la AWF para \u00c1frica, nos record\u00f3 esa unidad. La visita culmin\u00f3 con la firma de un acuerdo de asociaci\u00f3n entre la Iglesia Alianza Cristiana y Misionera de Costa de Marfil y la Iglesia Evang\u00e9lica Protestante de Senegal. El viaje tambi\u00e9n permiti\u00f3 que el liderazgo de la iglesia visitase varios lugares destinados a la plantaci\u00f3n de iglesias.<\/p>\n<p>Adem\u00e1s de eso, otra muestra de esta uni\u00f3n ocurri\u00f3 durante la conferencia pastoral de la Iglesia ACyM de Costa de Marfil, del 8 al 14 de abril, donde m\u00e1s de 500 pastores se reunieron para reflexionar sobre el tema de la acci\u00f3n social. Solo tenemos que alabar a Dios por estos maravillosos eventos.<\/p>\n<p>Para que Su nombre pueda seguir siendo glorificado, los l\u00edderes de la Iglesia ACyM de Costa de Marfil piden que oremos por los 63 pastores que ser\u00e1n consagrados el 19 de mayo y por la Gran Convenci\u00f3n Nacional de la Iglesia Alianza Cristiana y Misionera de Costa de Marfil, del 12 al 19 de agosto.<\/p>\n<p>Gracias por sus oraciones y por demostrar nuestra alianza en Cristo.<\/p>\n","protected":false},"author":24,"featured_media":18367,"template":"","meta":{"inline_featured_image":false,"ngg_post_thumbnail":0,"_EventAllDay":false,"_EventTimezone":"","_EventStartDate":"","_EventEndDate":"","_EventStartDateUTC":"","_EventEndDateUTC":"","_EventShowMap":false,"_EventShowMapLink":false,"_EventURL":"","_EventCost":"","_EventCostDescription":"","_EventCurrencySymbol":"","_EventCurrencyCode":"","_EventCurrencyPosition":"","_EventDateTimeSeparator":"","_EventTimeRangeSeparator":"","_EventOrganizerID":[],"_EventVenueID":[],"_OrganizerEmail":"","_OrganizerPhone":"","_OrganizerWebsite":"","_VenueAddress":"","_VenueCity":"","_VenueCountry":"","_VenueProvince":"","_VenueState":"","_VenueZip":"","_VenuePhone":"","_VenueURL":"","_VenueStateProvince":"","_VenueLat":"","_VenueLng":"","_VenueShowMap":false,"_VenueShowMapLink":false},"categories":[285,34],"tags":[279,205,203,274],"class_list":["post-18369","awf-news","type-awf-news","status-publish","has-post-thumbnail","hentry","category-africa-es","category-news-es","tag-africa-es","tag-liderazgo","tag-plantacion-de-iglesias","tag-trabajo-social"],"_links":{"self":[{"href":"https:\/\/awf.world\/es\/wp-json\/wp\/v2\/awf-news\/18369","targetHints":{"allow":["GET"]}}],"collection":[{"href":"https:\/\/awf.world\/es\/wp-json\/wp\/v2\/awf-news"}],"about":[{"href":"https:\/\/awf.world\/es\/wp-json\/wp\/v2\/types\/awf-news"}],"author":[{"embeddable":true,"href":"https:\/\/awf.world\/es\/wp-json\/wp\/v2\/users\/24"}],"wp:featuredmedia":[{"embeddable":true,"href":"https:\/\/awf.world\/es\/wp-json\/wp\/v2\/media\/18367"}],"wp:attachment":[{"href":"https:\/\/awf.world\/es\/wp-json\/wp\/v2\/media?parent=18369"}],"wp:term":[{"taxonomy":"category","embeddable":true,"href":"https:\/\/awf.world\/es\/wp-json\/wp\/v2\/categories?post=18369"},{"taxonomy":"post_tag","embeddable":true,"href":"https:\/\/awf.world\/es\/wp-json\/wp\/v2\/tags?post=18369"}],"curies":[{"name":"wp","href":"https:\/\/api.w.org\/{rel}","templated":true}]}}