{"id":18330,"date":"2018-04-23T12:59:18","date_gmt":"2018-04-23T17:59:18","guid":{"rendered":"http:\/\/awf.world\/awf-news\/ministerio-de-la-alianza-manchaster\/"},"modified":"2018-04-23T13:26:25","modified_gmt":"2018-04-23T18:26:25","slug":"ministerio-de-la-alianza-manchaster","status":"publish","type":"awf-news","link":"https:\/\/awf.world\/es\/awf-news\/ministerio-de-la-alianza-manchaster\/","title":{"rendered":"Ministerio de la Alianza Manchester, Gran Breta\u00f1a"},"content":{"rendered":"<p>&nbsp;<\/p>\n<p>El ministerio de la ALIANZA MANCHESTER (TAM) est\u00e1 creciendo con la incorporaci\u00f3n de nuevos trabajadores de la familia de la Alliance World Fellowship. Este crecimiento nos motiva a encontrar un nuevo lugar para seguir desarrollando el trabajo en conjunto que estamos haciendo. En los pr\u00f3ximos d\u00edas Philip Margesson y Juan-Carlos Parodi viajar\u00e1n a Lima-Per\u00fa para informar sobre el ministerio en Manchester y promover los proyectos de la TAM a socios actuales y potenciales. Por favor, ore para que Dios los proteja mientras viajan y contin\u00fae bendiciendo el ministerio de la TAM.<\/p>\n","protected":false},"author":24,"featured_media":18328,"template":"","meta":{"inline_featured_image":false,"ngg_post_thumbnail":0,"_EventAllDay":false,"_EventTimezone":"","_EventStartDate":"","_EventEndDate":"","_EventStartDateUTC":"","_EventEndDateUTC":"","_EventShowMap":false,"_EventShowMapLink":false,"_EventURL":"","_EventCost":"","_EventCostDescription":"","_EventCurrencySymbol":"","_EventCurrencyCode":"","_EventCurrencyPosition":"","_EventDateTimeSeparator":"","_EventTimeRangeSeparator":"","_EventOrganizerID":[],"_EventVenueID":[],"_OrganizerEmail":"","_OrganizerPhone":"","_OrganizerWebsite":"","_VenueAddress":"","_VenueCity":"","_VenueCountry":"","_VenueProvince":"","_VenueState":"","_VenueZip":"","_VenuePhone":"","_VenueURL":"","_VenueStateProvince":"","_VenueLat":"","_VenueLng":"","_VenueShowMap":false,"_VenueShowMapLink":false},"categories":[100,34],"tags":[202,247,203],"class_list":["post-18330","awf-news","type-awf-news","status-publish","has-post-thumbnail","hentry","category-emerald-es","category-news-es","tag-emerald-es","tag-gran-bretana","tag-plantacion-de-iglesias"],"_links":{"self":[{"href":"https:\/\/awf.world\/es\/wp-json\/wp\/v2\/awf-news\/18330","targetHints":{"allow":["GET"]}}],"collection":[{"href":"https:\/\/awf.world\/es\/wp-json\/wp\/v2\/awf-news"}],"about":[{"href":"https:\/\/awf.world\/es\/wp-json\/wp\/v2\/types\/awf-news"}],"author":[{"embeddable":true,"href":"https:\/\/awf.world\/es\/wp-json\/wp\/v2\/users\/24"}],"wp:featuredmedia":[{"embeddable":true,"href":"https:\/\/awf.world\/es\/wp-json\/wp\/v2\/media\/18328"}],"wp:attachment":[{"href":"https:\/\/awf.world\/es\/wp-json\/wp\/v2\/media?parent=18330"}],"wp:term":[{"taxonomy":"category","embeddable":true,"href":"https:\/\/awf.world\/es\/wp-json\/wp\/v2\/categories?post=18330"},{"taxonomy":"post_tag","embeddable":true,"href":"https:\/\/awf.world\/es\/wp-json\/wp\/v2\/tags?post=18330"}],"curies":[{"name":"wp","href":"https:\/\/api.w.org\/{rel}","templated":true}]}}