{"id":18259,"date":"2018-04-16T12:40:33","date_gmt":"2018-04-16T17:40:33","guid":{"rendered":"http:\/\/awf.world\/awf-news\/pedidos-de-oracion-de-nuestra-familia-de-la-acym-en-venezuela\/"},"modified":"2018-04-19T14:42:03","modified_gmt":"2018-04-19T19:42:03","slug":"pedidos-de-oracion-de-nuestra-familia-de-la-acym-en-venezuela","status":"publish","type":"awf-news","link":"https:\/\/awf.world\/es\/awf-news\/pedidos-de-oracion-de-nuestra-familia-de-la-acym-en-venezuela\/","title":{"rendered":"Pedidos de Oraci\u00f3n de nuestra Familia de la Alianza Cristiana y Misionera en Venezuela"},"content":{"rendered":"<h4 style=\"text-align: center;\"><em>Vista a\u00e9rea de Caracas (Getty Images)<\/em><\/h4>\n<p>Por favor, ore por la situaci\u00f3n cr\u00edtica que Venezuela sigue experimentando: hiperinflaci\u00f3n, falta de seguridad, escasez de alimentos (y los que se encuentran est\u00e1n muy caros), la incertidumbre pol\u00edtica. El panorama es muy complicado y cr\u00edtico. Esto hace que muchos venezolanos (l\u00edderes e incluso pastores) emigren a otros pa\u00edses, incluidos muchos miembros de la iglesia. Interceda por la Iglesia ACyM de Venezuela, por la direcci\u00f3n de Dios, sabidur\u00eda y estrategias para ayudar a los necesitados, para que puedan continuar llevando el mensaje de esperanza a cada persona. Ore por el IBAVEN (Instituto B\u00edblico Alianza de Venezuela) donde los pastores, misioneros y l\u00edderes est\u00e1n siendo entrenados. Tambi\u00e9n pedimos sus oraciones por la pr\u00f3xima Asamblea Nacional de la ACyM venezolana a realizarse el 26 de mayo, si Dios lo permite. En esa oportunidad se elegir\u00e1 la nueva Directiva Nacional.<\/p>\n","protected":false},"author":24,"featured_media":18257,"template":"","meta":{"inline_featured_image":false,"ngg_post_thumbnail":0,"_EventAllDay":false,"_EventTimezone":"","_EventStartDate":"","_EventEndDate":"","_EventStartDateUTC":"","_EventEndDateUTC":"","_EventShowMap":false,"_EventShowMapLink":false,"_EventURL":"","_EventCost":"","_EventCostDescription":"","_EventCurrencySymbol":"","_EventCurrencyCode":"","_EventCurrencyPosition":"","_EventDateTimeSeparator":"","_EventTimeRangeSeparator":"","_EventOrganizerID":[],"_EventVenueID":[],"_OrganizerEmail":"","_OrganizerPhone":"","_OrganizerWebsite":"","_VenueAddress":"","_VenueCity":"","_VenueCountry":"","_VenueProvince":"","_VenueState":"","_VenueZip":"","_VenuePhone":"","_VenueURL":"","_VenueStateProvince":"","_VenueLat":"","_VenueLng":"","_VenueShowMap":false,"_VenueShowMapLink":false},"categories":[99,34],"tags":[209,248,250],"class_list":["post-18259","awf-news","type-awf-news","status-publish","has-post-thumbnail","hentry","category-latin-america-es","category-news-es","tag-america-latina","tag-solicitud-de-oracion","tag-venezuela-es"],"_links":{"self":[{"href":"https:\/\/awf.world\/es\/wp-json\/wp\/v2\/awf-news\/18259","targetHints":{"allow":["GET"]}}],"collection":[{"href":"https:\/\/awf.world\/es\/wp-json\/wp\/v2\/awf-news"}],"about":[{"href":"https:\/\/awf.world\/es\/wp-json\/wp\/v2\/types\/awf-news"}],"author":[{"embeddable":true,"href":"https:\/\/awf.world\/es\/wp-json\/wp\/v2\/users\/24"}],"wp:featuredmedia":[{"embeddable":true,"href":"https:\/\/awf.world\/es\/wp-json\/wp\/v2\/media\/18257"}],"wp:attachment":[{"href":"https:\/\/awf.world\/es\/wp-json\/wp\/v2\/media?parent=18259"}],"wp:term":[{"taxonomy":"category","embeddable":true,"href":"https:\/\/awf.world\/es\/wp-json\/wp\/v2\/categories?post=18259"},{"taxonomy":"post_tag","embeddable":true,"href":"https:\/\/awf.world\/es\/wp-json\/wp\/v2\/tags?post=18259"}],"curies":[{"name":"wp","href":"https:\/\/api.w.org\/{rel}","templated":true}]}}