{"id":18229,"date":"2018-03-30T12:37:13","date_gmt":"2018-03-30T17:37:13","guid":{"rendered":"http:\/\/awf.world\/awf-news\/la-luz-de-cristo-esta-brillando-en-cuba\/"},"modified":"2020-11-11T09:40:28","modified_gmt":"2020-11-11T14:40:28","slug":"la-luz-de-cristo-esta-brillando-en-cuba","status":"publish","type":"awf-news","link":"https:\/\/awf.world\/es\/awf-news\/la-luz-de-cristo-esta-brillando-en-cuba\/","title":{"rendered":"La Luz de Cristo Brilla en Cuba"},"content":{"rendered":"<p>&nbsp;<\/p>\n<h4 style=\"text-align: justify;\">La Alianza Cristiana y Misionera en Cuba ha sido sal y luz, experimentando un crecimiento constante en medio de dificultades pol\u00edticas y econ\u00f3micas. Los l\u00edderes de la Alianza en Cuba han mostrado pasi\u00f3n y creatividad para iniciar nuevas iglesias, pero enfrentan muchos desaf\u00edos, incluyendo su sustento y la privacidad de sus familias.<\/h4>\n<p>Cuba es uno de los pocos pa\u00edses del mundo que mantiene un sistema socialista desde hace muchos a\u00f1os junto con China, Corea del Norte, Laos y Vietnam. La Revoluci\u00f3n Cubana, encabezada por Fidel Castro, ocurri\u00f3 en los a\u00f1os 1950. Por muchos a\u00f1os, hasta la disoluci\u00f3n del gran bloque socialista en 1989, Cuba fue patrocinada por la URSS, manteniendo el 80% de las relaciones comerciales con pa\u00edses con los mismos ideales pol\u00edticos. Sin embargo, despu\u00e9s de 1989, sin el apoyo de otros pa\u00edses, la situaci\u00f3n econ\u00f3mica, pol\u00edtica y social de Cuba declin\u00f3 dr\u00e1sticamente. Hoy, en 2018, el pa\u00eds completa casi 60 a\u00f1os de gobierno liderado por los hermanos Castro. Fidel gobern\u00f3 durante 47 a\u00f1os y su hermano Ra\u00fal durante 12 a\u00f1os. Todo ese sistema, sus desaf\u00edos, logros y fracasos afectan directamente el crecimiento y el establecimiento de las iglesias de la Alianza en Cuba.<\/p>\n<p>&nbsp;<\/p>\n<p>En los \u00faltimos seis a\u00f1os la Alianza Cristiana y Misionera en Cuba ha pasado de 35 a 70 iglesias, con un sistema de plantaci\u00f3n que se realiza en casas y ocurre de la siguiente manera: un l\u00edder recibe un entrenamiento de un a\u00f1o e inicia una iglesia en su propia casa, convirti\u00e9ndose as\u00ed en pastor a tiempo completo. Paralelamente a la plantaci\u00f3n de iglesias, recibe formaci\u00f3n teol\u00f3gica en el Instituto B\u00edblico de la Alianza en Cuba.<\/p>\n<p>Las iglesias de la Alianza de Canad\u00e1, Chile y Per\u00fa han ayudado a la iglesia nacional con el programa de capacitaci\u00f3n pastoral y tambi\u00e9n con la compra de edificios de casas-iglesias. El sustento de las familias pastorales tambi\u00e9n proviene de las contribuciones de estas iglesias. Sin embargo, estos pastores y sus familias pasan por muchos desaf\u00edos, comenzando con los desaf\u00edos econ\u00f3micos y de privacidad, ya que el lugar de culto es tambi\u00e9n la sala de estar de su familia. Los hijos de los pastores han enfrentado dificultades debido a esto.<\/p>\n<p>Qu\u00e9 hermoso es ver la forma en que Dios usa diferentes naciones y diferentes contextos para la expansi\u00f3n de Su Reino.<\/p>\n<p>Pero podemos hacer m\u00e1s. \u00bfC\u00f3mo?<\/p>\n<p>&nbsp;<\/p>\n<p>Los pastores y los plantadores de iglesias tienen la visi\u00f3n de establecer una iglesia en cada provincia, ya que ven este momento como una ventana de oportunidad para llevar a las personas a Cristo. Supervisar estos proyectos es una tarea titanica ya que el sistema de transporte es pr\u00e1cticamente inexistente o demasiado caro fuera de la capital La Habana.<\/p>\n<p>Una manera de superar esta dificultad es la compra de motocicletas el\u00e9ctricas para cada coordinador regional de iglesias para visitar y alentar a los plantadores de iglesias en diferentes partes del pa\u00eds. El costo total es de US$ 6.000 para tres motocicletas.<\/p>\n<p>Por favor, ora y considera donar para este proyecto <a href=\"https:\/\/awf.world\/es\/?page_id=17810\" target=\"_blank\" rel=\"noopener\">(http:\/\/awf.world\/es\/donar\/).<\/a><\/p>\n<p>Alabamos a Dios por lo que est\u00e1 haciendo en Cuba. Oremos por las familias de los pastores y por las iglesias all\u00ed establecidas.<\/p>\n","protected":false},"author":24,"featured_media":18220,"template":"","meta":{"inline_featured_image":false,"ngg_post_thumbnail":0,"_EventAllDay":false,"_EventTimezone":"","_EventStartDate":"","_EventEndDate":"","_EventStartDateUTC":"","_EventEndDateUTC":"","_EventShowMap":false,"_EventShowMapLink":false,"_EventURL":"","_EventCost":"","_EventCostDescription":"","_EventCurrencySymbol":"","_EventCurrencyCode":"","_EventCurrencyPosition":"","_EventDateTimeSeparator":"","_EventTimeRangeSeparator":"","_EventOrganizerID":[],"_EventVenueID":[],"_OrganizerEmail":"","_OrganizerPhone":"","_OrganizerWebsite":"","_VenueAddress":"","_VenueCity":"","_VenueCountry":"","_VenueProvince":"","_VenueState":"","_VenueZip":"","_VenuePhone":"","_VenueURL":"","_VenueStateProvince":"","_VenueLat":"","_VenueLng":"","_VenueShowMap":false,"_VenueShowMapLink":false},"categories":[99,34,105],"tags":[231,254,209,203],"class_list":["post-18229","awf-news","type-awf-news","status-publish","has-post-thumbnail","hentry","category-latin-america-es","category-news-es","category-projects-es","tag-cla-es","tag-cuba-es","tag-america-latina","tag-plantacion-de-iglesias"],"_links":{"self":[{"href":"https:\/\/awf.world\/es\/wp-json\/wp\/v2\/awf-news\/18229","targetHints":{"allow":["GET"]}}],"collection":[{"href":"https:\/\/awf.world\/es\/wp-json\/wp\/v2\/awf-news"}],"about":[{"href":"https:\/\/awf.world\/es\/wp-json\/wp\/v2\/types\/awf-news"}],"author":[{"embeddable":true,"href":"https:\/\/awf.world\/es\/wp-json\/wp\/v2\/users\/24"}],"wp:featuredmedia":[{"embeddable":true,"href":"https:\/\/awf.world\/es\/wp-json\/wp\/v2\/media\/18220"}],"wp:attachment":[{"href":"https:\/\/awf.world\/es\/wp-json\/wp\/v2\/media?parent=18229"}],"wp:term":[{"taxonomy":"category","embeddable":true,"href":"https:\/\/awf.world\/es\/wp-json\/wp\/v2\/categories?post=18229"},{"taxonomy":"post_tag","embeddable":true,"href":"https:\/\/awf.world\/es\/wp-json\/wp\/v2\/tags?post=18229"}],"curies":[{"name":"wp","href":"https:\/\/api.w.org\/{rel}","templated":true}]}}