{"id":18216,"date":"2018-03-30T12:13:46","date_gmt":"2018-03-30T17:13:46","guid":{"rendered":"http:\/\/awf.world\/awf-news\/la-region-de-america-latina-avanza-en-misiones-y-educacion-teologica\/"},"modified":"2018-04-02T13:59:18","modified_gmt":"2018-04-02T18:59:18","slug":"la-region-de-america-latina-avanza-en-misiones-y-educacion-teologica","status":"publish","type":"awf-news","link":"https:\/\/awf.world\/es\/awf-news\/la-region-de-america-latina-avanza-en-misiones-y-educacion-teologica\/","title":{"rendered":"La Regi\u00f3n de Am\u00e9rica Latina avanza en Misiones y Educaci\u00f3n Teol\u00f3gica"},"content":{"rendered":"<p>&nbsp;<\/p>\n<p>Plantar iglesias enraizadas en la Biblia, expandir la visi\u00f3n misionera y entrenar a los pastores con una fuerte perspectiva de la Alianza son temas centrales del ministerio de la Regi\u00f3n de Am\u00e9rica Latina. El Reverendo David Muthre y su equipo han llevado la regi\u00f3n a cumplir estos objetivos.<\/p>\n<p>El CRC (Comit\u00e9 Regional de Coordinaci\u00f3n) de la CLA (Regi\u00f3n de Am\u00e9rica Latina de la AWF) se reuni\u00f3 en Rivera, Uruguay, del 20 al 23 de marzo de 2018 para buscar la direcci\u00f3n de Dios y trabajar en diversas iniciativas de la regi\u00f3n. Una de ellas es la planificaci\u00f3n de la Conferencia Regional de CLA que tendr\u00e1 lugar en Mar del Plata, Argentina, del 24 al 28 de septiembre de 2018. En cuanto a las iniciativas en misiones, el compromiso de la CLA con los proyectos misioneros en Portugal, India-Asia, Italia y Panam\u00e1 fueron reafirmados y se aprob\u00f3 una nueva iniciativa en Espa\u00f1a. Tambi\u00e9n se discuti\u00f3 sobre la necesidad de ofrecer un curso de doctorado en la regi\u00f3n por una instituci\u00f3n de la Alianza y se tomaron iniciativas para que esto suceda lo antes posible.<\/p>\n","protected":false},"author":24,"featured_media":18214,"template":"","meta":{"inline_featured_image":false,"ngg_post_thumbnail":0,"_EventAllDay":false,"_EventTimezone":"","_EventStartDate":"","_EventEndDate":"","_EventStartDateUTC":"","_EventEndDateUTC":"","_EventShowMap":false,"_EventShowMapLink":false,"_EventURL":"","_EventCost":"","_EventCostDescription":"","_EventCurrencySymbol":"","_EventCurrencyCode":"","_EventCurrencyPosition":"","_EventDateTimeSeparator":"","_EventTimeRangeSeparator":"","_EventOrganizerID":[],"_EventVenueID":[],"_OrganizerEmail":"","_OrganizerPhone":"","_OrganizerWebsite":"","_VenueAddress":"","_VenueCity":"","_VenueCountry":"","_VenueProvince":"","_VenueState":"","_VenueZip":"","_VenuePhone":"","_VenueURL":"","_VenueStateProvince":"","_VenueLat":"","_VenueLng":"","_VenueShowMap":false,"_VenueShowMapLink":false},"categories":[],"tags":[],"class_list":["post-18216","awf-news","type-awf-news","status-publish","has-post-thumbnail","hentry"],"_links":{"self":[{"href":"https:\/\/awf.world\/es\/wp-json\/wp\/v2\/awf-news\/18216","targetHints":{"allow":["GET"]}}],"collection":[{"href":"https:\/\/awf.world\/es\/wp-json\/wp\/v2\/awf-news"}],"about":[{"href":"https:\/\/awf.world\/es\/wp-json\/wp\/v2\/types\/awf-news"}],"author":[{"embeddable":true,"href":"https:\/\/awf.world\/es\/wp-json\/wp\/v2\/users\/24"}],"wp:featuredmedia":[{"embeddable":true,"href":"https:\/\/awf.world\/es\/wp-json\/wp\/v2\/media\/18214"}],"wp:attachment":[{"href":"https:\/\/awf.world\/es\/wp-json\/wp\/v2\/media?parent=18216"}],"wp:term":[{"taxonomy":"category","embeddable":true,"href":"https:\/\/awf.world\/es\/wp-json\/wp\/v2\/categories?post=18216"},{"taxonomy":"post_tag","embeddable":true,"href":"https:\/\/awf.world\/es\/wp-json\/wp\/v2\/tags?post=18216"}],"curies":[{"name":"wp","href":"https:\/\/api.w.org\/{rel}","templated":true}]}}