{"id":18092,"date":"2018-03-23T14:44:03","date_gmt":"2018-03-23T19:44:03","guid":{"rendered":"http:\/\/awf.world\/awf-news\/pedidos-de-oracion-de-la-region-awf-apac-asia-pacifico-filipinas\/"},"modified":"2018-03-28T13:08:24","modified_gmt":"2018-03-28T18:08:24","slug":"pedidos-de-oracion-de-la-region-awf-apac-asia-pacifico-filipinas","status":"publish","type":"awf-news","link":"https:\/\/awf.world\/es\/awf-news\/pedidos-de-oracion-de-la-region-awf-apac-asia-pacifico-filipinas\/","title":{"rendered":"Pedido de oraci\u00f3n de la Regi\u00f3n AWF-APAC (Asia Pac\u00edfico) &#8211; Filipinas"},"content":{"rendered":"<p><img loading=\"lazy\" decoding=\"async\" class=\"aligncenter size-full wp-image-18087\" src=\"http:\/\/awf.world\/wp-content\/uploads\/2018\/03\/Philippines-Manila-Getty-Images.jpg\" alt=\"\" width=\"612\" height=\"408\" srcset=\"https:\/\/awf.world\/wp-content\/uploads\/2018\/03\/Philippines-Manila-Getty-Images.jpg 612w, https:\/\/awf.world\/wp-content\/uploads\/2018\/03\/Philippines-Manila-Getty-Images-300x200.jpg 300w, https:\/\/awf.world\/wp-content\/uploads\/2018\/03\/Philippines-Manila-Getty-Images-578x385.jpg 578w, https:\/\/awf.world\/wp-content\/uploads\/2018\/03\/Philippines-Manila-Getty-Images-285x190.jpg 285w, https:\/\/awf.world\/wp-content\/uploads\/2018\/03\/Philippines-Manila-Getty-Images-272x182.jpg 272w\" sizes=\"auto, (max-width: 612px) 100vw, 612px\" \/><\/p>\n<h5 style=\"text-align: center;\"><em>Manila Skyline (Getty Images)<\/em><\/h5>\n<p>Ora con nosotros por la pr\u00f3xima Conferencia Regional APAC 2018 en Manila, Filipinas, del 16 al 20 de octubre. Estamos buscando alcanzar un n\u00famero de 250-300 delegados de 13 pa\u00edses de APAC. Ora para que nuestros presidentes de APAC tengan \u00e9xito en movilizar a sus l\u00edderes de las iglesias nacionales para participar en este evento.<\/p>\n","protected":false},"author":24,"featured_media":18181,"template":"","meta":{"inline_featured_image":false,"ngg_post_thumbnail":0,"_EventAllDay":false,"_EventTimezone":"","_EventStartDate":"","_EventEndDate":"","_EventStartDateUTC":"","_EventEndDateUTC":"","_EventShowMap":false,"_EventShowMapLink":false,"_EventURL":"","_EventCost":"","_EventCostDescription":"","_EventCurrencySymbol":"","_EventCurrencyCode":"","_EventCurrencyPosition":"","_EventDateTimeSeparator":"","_EventTimeRangeSeparator":"","_EventOrganizerID":[],"_EventVenueID":[],"_OrganizerEmail":"","_OrganizerPhone":"","_OrganizerWebsite":"","_VenueAddress":"","_VenueCity":"","_VenueCountry":"","_VenueProvince":"","_VenueState":"","_VenueZip":"","_VenuePhone":"","_VenueURL":"","_VenueStateProvince":"","_VenueLat":"","_VenueLng":"","_VenueShowMap":false,"_VenueShowMapLink":false},"categories":[],"tags":[],"class_list":["post-18092","awf-news","type-awf-news","status-publish","has-post-thumbnail","hentry"],"_links":{"self":[{"href":"https:\/\/awf.world\/es\/wp-json\/wp\/v2\/awf-news\/18092","targetHints":{"allow":["GET"]}}],"collection":[{"href":"https:\/\/awf.world\/es\/wp-json\/wp\/v2\/awf-news"}],"about":[{"href":"https:\/\/awf.world\/es\/wp-json\/wp\/v2\/types\/awf-news"}],"author":[{"embeddable":true,"href":"https:\/\/awf.world\/es\/wp-json\/wp\/v2\/users\/24"}],"wp:featuredmedia":[{"embeddable":true,"href":"https:\/\/awf.world\/es\/wp-json\/wp\/v2\/media\/18181"}],"wp:attachment":[{"href":"https:\/\/awf.world\/es\/wp-json\/wp\/v2\/media?parent=18092"}],"wp:term":[{"taxonomy":"category","embeddable":true,"href":"https:\/\/awf.world\/es\/wp-json\/wp\/v2\/categories?post=18092"},{"taxonomy":"post_tag","embeddable":true,"href":"https:\/\/awf.world\/es\/wp-json\/wp\/v2\/tags?post=18092"}],"curies":[{"name":"wp","href":"https:\/\/api.w.org\/{rel}","templated":true}]}}