{"id":18058,"date":"2018-03-21T12:42:46","date_gmt":"2018-03-21T17:42:46","guid":{"rendered":"http:\/\/awf.world\/awf-news\/pedido-de-oracion-de-la-region-awf-emerald-europa-y-oriente-medio\/"},"modified":"2018-04-24T14:24:28","modified_gmt":"2018-04-24T19:24:28","slug":"pedido-de-oracion-de-la-region-awf-emerald-europa-y-oriente-medio","status":"publish","type":"awf-news","link":"https:\/\/awf.world\/es\/awf-news\/pedido-de-oracion-de-la-region-awf-emerald-europa-y-oriente-medio\/","title":{"rendered":"Crecimiento de la Alianza en Francia"},"content":{"rendered":"<p>&nbsp;<\/p>\n<p>&nbsp;<\/p>\n<p>La Alianza en Francia tuvo su Reuni\u00f3n General Anual el 10 de marzo y fue un momento de bendici\u00f3n y aliento para todos los involucrados. La Alianza en Francia ha crecido de cuatro iglesias a 39 iglesias en 40 a\u00f1os y tres nuevas iglesias chinas est\u00e1n buscando unirse en 2018. Ora por sabidur\u00eda y renovaci\u00f3n del liderazgo nacional en Francia mientras buscan guiar a la iglesia a trav\u00e9s del crecimiento continuo.<\/p>\n","protected":false},"author":24,"featured_media":18062,"template":"","meta":{"inline_featured_image":false,"ngg_post_thumbnail":0,"_EventAllDay":false,"_EventTimezone":"","_EventStartDate":"","_EventEndDate":"","_EventStartDateUTC":"","_EventEndDateUTC":"","_EventShowMap":false,"_EventShowMapLink":false,"_EventURL":"","_EventCost":"","_EventCostDescription":"","_EventCurrencySymbol":"","_EventCurrencyCode":"","_EventCurrencyPosition":"","_EventDateTimeSeparator":"","_EventTimeRangeSeparator":"","_EventOrganizerID":[],"_EventVenueID":[],"_OrganizerEmail":"","_OrganizerPhone":"","_OrganizerWebsite":"","_VenueAddress":"","_VenueCity":"","_VenueCountry":"","_VenueProvince":"","_VenueState":"","_VenueZip":"","_VenuePhone":"","_VenueURL":"","_VenueStateProvince":"","_VenueLat":"","_VenueLng":"","_VenueShowMap":false,"_VenueShowMapLink":false},"categories":[100,34],"tags":[202,243,205,203],"class_list":["post-18058","awf-news","type-awf-news","status-publish","has-post-thumbnail","hentry","category-emerald-es","category-news-es","tag-emerald-es","tag-francia","tag-liderazgo","tag-plantacion-de-iglesias"],"_links":{"self":[{"href":"https:\/\/awf.world\/es\/wp-json\/wp\/v2\/awf-news\/18058","targetHints":{"allow":["GET"]}}],"collection":[{"href":"https:\/\/awf.world\/es\/wp-json\/wp\/v2\/awf-news"}],"about":[{"href":"https:\/\/awf.world\/es\/wp-json\/wp\/v2\/types\/awf-news"}],"author":[{"embeddable":true,"href":"https:\/\/awf.world\/es\/wp-json\/wp\/v2\/users\/24"}],"wp:featuredmedia":[{"embeddable":true,"href":"https:\/\/awf.world\/es\/wp-json\/wp\/v2\/media\/18062"}],"wp:attachment":[{"href":"https:\/\/awf.world\/es\/wp-json\/wp\/v2\/media?parent=18058"}],"wp:term":[{"taxonomy":"category","embeddable":true,"href":"https:\/\/awf.world\/es\/wp-json\/wp\/v2\/categories?post=18058"},{"taxonomy":"post_tag","embeddable":true,"href":"https:\/\/awf.world\/es\/wp-json\/wp\/v2\/tags?post=18058"}],"curies":[{"name":"wp","href":"https:\/\/api.w.org\/{rel}","templated":true}]}}