{"id":12085,"date":"2017-05-15T07:40:52","date_gmt":"2017-05-15T12:40:52","guid":{"rendered":"http:\/\/awf.world\/awf-news\/awf-executive-committee-met-in-sao-paulo\/"},"modified":"2018-02-28T11:42:17","modified_gmt":"2018-02-28T16:42:17","slug":"awf-executive-committee-met-in-sao-paulo","status":"publish","type":"awf-news","link":"https:\/\/awf.world\/es\/awf-news\/awf-executive-committee-met-in-sao-paulo\/","title":{"rendered":"Comit\u00e9 Ejecutivo de AWF se Reuni\u00f3 en S\u00e3o Paulo"},"content":{"rendered":"<p>&nbsp;<\/p>\n<p><span id=\"result_box\" class=\"\" lang=\"es\" tabindex=\"-1\"><span title=\"The AWF Executive Committee (ExCom) held its annual meeting in S\u00e3o Paulo from March 14th to 18th.\">El Comit\u00e9 Ejecutivo de la AWF (ExCom) celebr\u00f3 su reuni\u00f3n anual en S\u00e3o Paulo del 14 al 18 de marzo. <\/span><span title=\"The business meetings occurred in a warm environment, with many fruitful discussions.\">Las reuniones de negocios tuvieron lugar en un ambiente c\u00e1lido, con muchas discusiones fruct\u00edferas. <\/span><span title=\"The AWF ExCom also met with the Board of Directors of the Brazilian C.&amp;M.A.\">El ExCom de AWF tambi\u00e9n se reuni\u00f3 con la Junta de Directores de la C. &amp; M.A de Brasil. <\/span><span title=\"(ACEMBRAS) and participated in the AWF Missions Consultation. \">(ACEMBRAS) y particip\u00f3 en la Consulta de Misiones de la AWF.<\/span><\/span><\/p>\n<p>&nbsp;<\/p>\n<p><span title=\"Some important decisions were made: &nbsp;&nbsp;&nbsp;&nbsp;\">Se tomaron algunas decisiones importantes:<\/span><\/p>\n<ul>\n<li><span title=\"The AWF Global Network of Missions Leaders was formed in order to share the vision for the future of Alliance missions and build a roadmap to reach common goals.\">La Red Global de L\u00edderes de Misiones de la AWF fue formada para compartir la visi\u00f3n para el futuro de las misiones de la Alianza y construir una hoja de ruta para alcanzar metas comunes. <\/span><span title=\"The next meeting is scheduled to November 13th and 14th, 2017. &nbsp;&nbsp;&nbsp;&nbsp;\">La pr\u00f3xima reuni\u00f3n est\u00e1 programada para los d\u00edas 13 y 14 de noviembre de 2017.<\/span><\/li>\n<li><span title=\"The members and the chairman of the AWF International Commission on Theological Education (AWF-ICTE) were appointed. &nbsp;&nbsp;&nbsp;&nbsp;\">Los miembros y el presidente de la AWF Comisi\u00f3n Internacional de Educaci\u00f3n Teol\u00f3gica (AWF-ICTE) fueron nombrados.<\/span><\/li>\n<li><span title=\"Ecuador was selected as the host country for the 2020 AWF Quadrennial Convocation. &nbsp;&nbsp;&nbsp;&nbsp;\">Ecuador fue seleccionado como pa\u00eds anfitri\u00f3n de la Convocatoria Cuatrienal de AWF 2020.<\/span><\/li>\n<li><span title=\"A new logo for AWF was adopted and it will be used in all AWF official communication platforms. &nbsp;&nbsp;&nbsp;&nbsp;\">Se adopt\u00f3 un nuevo logo para AWF y se utilizar\u00e1 en todas las plataformas de comunicaci\u00f3n oficial de AWF.<\/span><\/li>\n<li><span title=\"An AWF Foundation in the United States of America will be formed to facilitate financial operations.\">Se formar\u00e1 una Fundaci\u00f3n AWF en los Estados Unidos de Am\u00e9rica para facilitar las operaciones financieras. <\/span><span title=\"The AWF Foundation in the Netherlands will continue to operate. \">La Fundaci\u00f3n AWF en los Pa\u00edses Bajos continuar\u00e1 operando.<\/span><\/li>\n<\/ul>\n<p><span title=\"We ask you to continue to pray for this ministry.\">Les pedimos que contin\u00faen orando por este ministerio.<\/span><\/p>\n<p>&nbsp;<\/p>\n<p>Traducido del ingles.<\/p>\n<p>&nbsp;<\/p>\n","protected":false},"author":15,"featured_media":14597,"template":"","meta":{"inline_featured_image":false,"ngg_post_thumbnail":0,"_EventAllDay":false,"_EventTimezone":"","_EventStartDate":"","_EventEndDate":"","_EventStartDateUTC":"","_EventEndDateUTC":"","_EventShowMap":false,"_EventShowMapLink":false,"_EventURL":"","_EventCost":"","_EventCostDescription":"","_EventCurrencySymbol":"","_EventCurrencyCode":"","_EventCurrencyPosition":"","_EventDateTimeSeparator":"","_EventTimeRangeSeparator":"","_EventOrganizerID":[],"_EventVenueID":[],"_OrganizerEmail":"","_OrganizerPhone":"","_OrganizerWebsite":"","_VenueAddress":"","_VenueCity":"","_VenueCountry":"","_VenueProvince":"","_VenueState":"","_VenueZip":"","_VenuePhone":"","_VenueURL":"","_VenueStateProvince":"","_VenueLat":"","_VenueLng":"","_VenueShowMap":false,"_VenueShowMapLink":false},"categories":[98],"tags":[],"class_list":["post-12085","awf-news","type-awf-news","status-publish","has-post-thumbnail","hentry","category-awf-office-es"],"_links":{"self":[{"href":"https:\/\/awf.world\/es\/wp-json\/wp\/v2\/awf-news\/12085","targetHints":{"allow":["GET"]}}],"collection":[{"href":"https:\/\/awf.world\/es\/wp-json\/wp\/v2\/awf-news"}],"about":[{"href":"https:\/\/awf.world\/es\/wp-json\/wp\/v2\/types\/awf-news"}],"author":[{"embeddable":true,"href":"https:\/\/awf.world\/es\/wp-json\/wp\/v2\/users\/15"}],"wp:featuredmedia":[{"embeddable":true,"href":"https:\/\/awf.world\/es\/wp-json\/wp\/v2\/media\/14597"}],"wp:attachment":[{"href":"https:\/\/awf.world\/es\/wp-json\/wp\/v2\/media?parent=12085"}],"wp:term":[{"taxonomy":"category","embeddable":true,"href":"https:\/\/awf.world\/es\/wp-json\/wp\/v2\/categories?post=12085"},{"taxonomy":"post_tag","embeddable":true,"href":"https:\/\/awf.world\/es\/wp-json\/wp\/v2\/tags?post=12085"}],"curies":[{"name":"wp","href":"https:\/\/api.w.org\/{rel}","templated":true}]}}